{"id":7555,"date":"2024-11-06T20:55:46","date_gmt":"2024-11-06T20:55:46","guid":{"rendered":"https:\/\/www.tufiesta.com.uy\/blog\/?p=7555"},"modified":"2024-11-06T20:55:47","modified_gmt":"2024-11-06T20:55:47","slug":"cumplis-15-en-verano-cuando-festejar-y-que-opciones-tenes","status":"publish","type":"post","link":"https:\/\/www.tufiesta.com.uy\/blog\/cumplis-15-en-verano-cuando-festejar-y-que-opciones-tenes","title":{"rendered":"Cumpl\u00eds 15 en Verano: \u00bfCu\u00e1ndo festejar y qu\u00e9 opciones ten\u00e9s?"},"content":{"rendered":"\n<p><strong>\u00bfCumpl\u00eds 15 a\u00f1os en pleno verano y no sab\u00e9s si hacer tu fiesta en esa fecha o esperar al invierno?<\/strong> \u00a1No est\u00e1s sola! Esta es una pregunta muy com\u00fan entre las quincea\u00f1eras nacidas en los meses de calor. Muchas prefieren celebrar en invierno para asegurarse de que todos sus amigos puedan asistir, pero el verano tambi\u00e9n ofrece opciones frescas y \u00fanicas que pueden hacer de tu cumplea\u00f1os una experiencia inolvidable.<\/p>\n\n\n\n<p>A continuaci\u00f3n, te contamos <strong>cu\u00e1ndo es el mejor momento para festejar, qu\u00e9 alternativas ten\u00e9s en verano<\/strong> y hasta ideas para hacer algo especial sin necesidad de una fiesta formal.<\/p>\n\n\n\n<h2 id=\"h-festejar-en-verano-o-esperar-al-invierno\"><strong>\u00bfFestejar en verano o esperar al invierno?<\/strong><\/h2>\n\n\n\n<h3 id=\"h-opci-n-1-fiesta-en-verano\"><strong>Opci\u00f3n 1: Fiesta en Verano<\/strong><\/h3>\n\n\n\n<p>Si quer\u00e9s algo original y distinto, aprovechar el verano puede ser perfecto. Las tem\u00e1ticas de playa, piscina y fiestas al aire libre est\u00e1n en auge, y te permiten disfrutar de una celebraci\u00f3n m\u00e1s relajada. Adem\u00e1s, \u00a1pod\u00e9s armar una <strong>pre-fiesta<\/strong> y luego tu fiesta principal en invierno! De esta forma, ten\u00e9s la oportunidad de vivir la experiencia por partida doble.<\/p>\n\n\n\n<h4><strong>Tem\u00e1ticas ideales para fiestas de 15 en verano:<\/strong><\/h4>\n\n\n\n<ul><li><strong>15 a\u00f1os en la playa<\/strong>: Una fiesta con tem\u00e1tica de playa es ideal para aprovechar el verano. Pod\u00e9s incluir decoraci\u00f3n veraniega, como sombrillas, inflables, y hasta estaciones de bebidas frescas. Si quer\u00e9s opciones para organizar un evento as\u00ed, mir\u00e1 nuestras <a href=\"https:\/\/www.tufiesta.com.uy\/cumple-15\/chacras\" target=\"_blank\" rel=\"noreferrer noopener\">chacras para fiestas<\/a>.<\/li><li><strong>15 a\u00f1os en la piscina<\/strong>: Una pool party es otra opci\u00f3n divertida. Con inflables coloridos, m\u00fasica y juegos de agua, pod\u00e9s disfrutar de un evento \u00fanico. Busc\u00e1 <a href=\"https:\/\/www.tufiesta.com.uy\/cumple-15\/decoracion-integral\" target=\"_blank\" rel=\"noreferrer noopener\">servicios de decoraci\u00f3n para fiestas de 15 <\/a>para darle un toque especial.<\/li><li><strong>Fotos de 15 en la playa<\/strong>: Si no quer\u00e9s una fiesta formal en verano, pod\u00e9s hacer una <strong>sesi\u00f3n de fotos especial en la playa o en un espacio natural<\/strong>. Aprovech\u00e1 la luz del atardecer para lograr im\u00e1genes con tonos c\u00e1lidos y un estilo rom\u00e1ntico, perfecto para recordar este momento tan especial. Explor\u00e1 opciones de <a href=\"https:\/\/www.tufiesta.com.uy\/cumple-15\/fotografia-video\" target=\"_blank\" rel=\"noreferrer noopener\">fotograf\u00eda profesional<\/a> para capturar cada detalle de tus 15 a\u00f1os.<\/li><\/ul>\n\n\n\n<h3 id=\"h-opci-n-2-festejo-en-invierno\"><strong>Opci\u00f3n 2: Festejo en Invierno<\/strong><\/h3>\n\n\n\n<p>Esperar al invierno es una opci\u00f3n popular, ya que te asegura que todos tus amigos y compa\u00f1eros puedan asistir. En esa \u00e9poca, es m\u00e1s com\u00fan optar por tem\u00e1ticas de gala o fiestas en salones cerrados, donde pod\u00e9s armar una noche formal y especial. Si todav\u00eda est\u00e1s decidiendo, mir\u00e1 nuestro art\u00edculo \u00ab<a href=\"https:\/\/www.tufiesta.com.uy\/blog\/fiesta-de-15-anos-o-viaje\">\u00bfFiesta de 15 a\u00f1os o viaje?<\/a>\u00bb para comparar ambas opciones y ver cu\u00e1l se adapta mejor a tu estilo.<\/p>\n\n\n\n<p>En TuFiesta contamos con una amplia variedad de <a href=\"https:\/\/www.tufiesta.com.uy\/cumple-15\/salones-fiestas\" target=\"_blank\" rel=\"noreferrer noopener\">salones para eventos<\/a> y servicios de <a href=\"https:\/\/www.tufiesta.com.uy\/cumple-15\/catering-gastronomia\" target=\"_blank\" rel=\"noreferrer noopener\">catering<\/a> para hacer que tu fiesta de 15 en invierno sea espectacular.<\/p>\n\n\n\n<div class=\"wp-block-kadence-advancedgallery kb-gallery-wrap-id-_adb92a-00\"><ul class=\"kb-gallery-ul kb-gallery-type-masonry kb-masonry-init kb-gallery-id-_adb92a-00 kb-gallery-caption-style-bottom-hover kb-gallery-filter-none\" data-item-selector=\".kadence-blocks-gallery-item\" data-image-filter=\"none\" data-lightbox-caption=\"true\" data-columns-xxl=\"3\" data-columns-xl=\"3\" data-columns-lg=\"3\" data-columns-md=\"2\" data-columns-sm=\"1\" data-columns-xs=\"1\"><li class=\"kadence-blocks-gallery-item\"><div class=\"kadence-blocks-gallery-item-inner\"><figure class=\"kb-gallery-figure kadence-blocks-gallery-item-hide-caption\"><div class=\"kb-gal-image-radius\" style=\"max-width:600px\"><div class=\"kb-gallery-image-contain kadence-blocks-gallery-intrinsic\" style=\"padding-bottom:66.66666666666666%\"><img loading=\"lazy\" src=\"https:\/\/www.tufiesta.com.uy\/blog\/wp-content\/uploads\/2024\/11\/img-exteriores-quinceaniera.jpg\" width=\"600\" height=\"400\" alt=\"fotos exteriores de 15 en verano\" data-full-image=\"https:\/\/www.tufiesta.com.uy\/blog\/wp-content\/uploads\/2024\/11\/img-exteriores-quinceaniera.jpg\" data-light-image=\"https:\/\/www.tufiesta.com.uy\/blog\/wp-content\/uploads\/2024\/11\/img-exteriores-quinceaniera.jpg\" data-id=\"7557\" data-link=\"https:\/\/www.tufiesta.com.uy\/blog\/?attachment_id=7557\" class=\"wp-image-7557undefined\" srcset=\"https:\/\/www.tufiesta.com.uy\/blog\/wp-content\/uploads\/2024\/11\/img-exteriores-quinceaniera.jpg 600w, https:\/\/www.tufiesta.com.uy\/blog\/wp-content\/uploads\/2024\/11\/img-exteriores-quinceaniera-300x200.jpg 300w\" sizes=\"(max-width: 600px) 100vw, 600px\" \/><\/div><\/div><\/figure><\/div><\/li><li class=\"kadence-blocks-gallery-item\"><div class=\"kadence-blocks-gallery-item-inner\"><figure class=\"kb-gallery-figure kadence-blocks-gallery-item-hide-caption\"><div class=\"kb-gal-image-radius\" style=\"max-width:600px\"><div class=\"kb-gallery-image-contain kadence-blocks-gallery-intrinsic\" style=\"padding-bottom:66.66666666666666%\"><img loading=\"lazy\" src=\"https:\/\/www.tufiesta.com.uy\/blog\/wp-content\/uploads\/2024\/11\/img-festjo-cumpleanios-de-15.jpg\" width=\"600\" height=\"400\" alt=\"fotos fiesta de 15\" data-full-image=\"https:\/\/www.tufiesta.com.uy\/blog\/wp-content\/uploads\/2024\/11\/img-festjo-cumpleanios-de-15.jpg\" data-light-image=\"https:\/\/www.tufiesta.com.uy\/blog\/wp-content\/uploads\/2024\/11\/img-festjo-cumpleanios-de-15.jpg\" data-id=\"7558\" data-link=\"https:\/\/www.tufiesta.com.uy\/blog\/?attachment_id=7558\" class=\"wp-image-7558undefined\" srcset=\"https:\/\/www.tufiesta.com.uy\/blog\/wp-content\/uploads\/2024\/11\/img-festjo-cumpleanios-de-15.jpg 600w, https:\/\/www.tufiesta.com.uy\/blog\/wp-content\/uploads\/2024\/11\/img-festjo-cumpleanios-de-15-300x200.jpg 300w\" sizes=\"(max-width: 600px) 100vw, 600px\" \/><\/div><\/div><\/figure><\/div><\/li><li class=\"kadence-blocks-gallery-item\"><div class=\"kadence-blocks-gallery-item-inner\"><figure class=\"kb-gallery-figure kadence-blocks-gallery-item-hide-caption\"><div class=\"kb-gal-image-radius\" style=\"max-width:600px\"><div class=\"kb-gallery-image-contain kadence-blocks-gallery-intrinsic\" style=\"padding-bottom:66.66666666666666%\"><img loading=\"lazy\" src=\"https:\/\/www.tufiesta.com.uy\/blog\/wp-content\/uploads\/2024\/11\/img-fotos-exteriores-cumpleanios-de-15.jpg\" width=\"600\" height=\"400\" alt=\"fotos exteriores de 15\" data-full-image=\"https:\/\/www.tufiesta.com.uy\/blog\/wp-content\/uploads\/2024\/11\/img-fotos-exteriores-cumpleanios-de-15.jpg\" data-light-image=\"https:\/\/www.tufiesta.com.uy\/blog\/wp-content\/uploads\/2024\/11\/img-fotos-exteriores-cumpleanios-de-15.jpg\" data-id=\"7559\" data-link=\"https:\/\/www.tufiesta.com.uy\/blog\/?attachment_id=7559\" class=\"wp-image-7559undefined\" srcset=\"https:\/\/www.tufiesta.com.uy\/blog\/wp-content\/uploads\/2024\/11\/img-fotos-exteriores-cumpleanios-de-15.jpg 600w, https:\/\/www.tufiesta.com.uy\/blog\/wp-content\/uploads\/2024\/11\/img-fotos-exteriores-cumpleanios-de-15-300x200.jpg 300w\" sizes=\"(max-width: 600px) 100vw, 600px\" \/><\/div><\/div><\/figure><\/div><\/li><\/ul><\/div>\n\n\n\n<h2><strong>\u00bfQu\u00e9 hacer en tus 15 a\u00f1os sin fiesta?<\/strong><\/h2>\n\n\n\n<p>Para quienes buscan algo diferente o prefieren no hacer una gran fiesta, hay muchas maneras de celebrar los 15 a\u00f1os de manera especial. Estas ideas te permitir\u00e1n disfrutar de tu cumplea\u00f1os a tu manera, sin necesidad de un evento formal:<\/p>\n\n\n\n<ul><li><strong>Escapada con amigos<\/strong>: Organiz\u00e1 una salida con tus amigos a la playa, el campo o alg\u00fan lugar especial. Pod\u00e9s armar un picnic, llevar m\u00fasica y pasar un d\u00eda \u00fanico.<\/li><li><strong>Sesi\u00f3n de fotos personalizada<\/strong>: Hacer una sesi\u00f3n de fotos creativa es una gran alternativa si quer\u00e9s algo especial y sin fiesta. Aprovech\u00e1 escenarios naturales y us\u00e1 looks distintos para cada foto. La <a href=\"#\" target=\"_blank\" rel=\"noreferrer noopener\">nueva plataforma fotogr\u00e1fica Matrix<\/a>,  <a href=\"https:\/\/www.tufiesta.com.uy\/blog\/tunel-infinito-y-espejo-magico-para-cumpleanos-de-15\">el t\u00fanel infinito y espejo m\u00e1gico para cumplea\u00f1os de 15<\/a> pueden agregar un toque \u00fanico y divertido a tus recuerdos de los 15.<\/li><li><strong>Cena \u00edntima con familiares y amigos cercanos<\/strong>: Una cena en un restaurante o en casa con decoraci\u00f3n especial puede ser una forma de celebraci\u00f3n \u00edntima y significativa.<\/li><\/ul>\n\n\n\n<h2><strong>Ideas para una Pre-Fiesta de verano con amigas<\/strong><\/h2>\n\n\n\n<p>Si quer\u00e9s empezar a celebrar antes de la gran fiesta en invierno, una pre-fiesta de verano es una excelente idea. Pod\u00e9s armar una reuni\u00f3n m\u00e1s peque\u00f1a, sin tantos invitados, y aprovechar el clima c\u00e1lido para hacer algo diferente.<\/p>\n\n\n\n<ul><li><strong>Pre-Fiesta en la Playa o Chacra<\/strong>: Una peque\u00f1a celebraci\u00f3n al atardecer, con decoraci\u00f3n tem\u00e1tica, luces y buena m\u00fasica. En nuestro directorio, encontrar\u00e1s varias <a>chacras para fiestas<\/a> ideales para este tipo de eventos.<\/li><li><strong>Picnic Tem\u00e1tico<\/strong>: Un picnic con decoraci\u00f3n veraniega y detalles personalizados puede ser una opci\u00f3n hermosa para compartir con amigas. No olvides incluir almohadones, guirnaldas y una buena comida. Para darle un toque de brillo, consider\u00e1 incorporar <a href=\"https:\/\/www.tufiesta.com.uy\/cumple-15\/barras-glitter\">stands de glitter<\/a>, que pueden agregar un toque divertido y glamoroso al evento.<\/li><li><strong>Fiesta en la Piscina<\/strong>: Si ten\u00e9s acceso a una piscina, organiz\u00e1 una pool party con inflables, m\u00fasica y snacks refrescantes. Tambi\u00e9n pod\u00e9s incluir una barra de jugos o bebidas sin alcohol, contratando servicios de <a href=\"https:\/\/www.tufiesta.com.uy\/cumple-15\/barras-moviles\" target=\"_blank\" rel=\"noreferrer noopener\">barras de tragos<\/a> para darle un toque especial.<\/li><\/ul>\n\n\n\n<h2><strong>Consejos para planificar tu fiesta de invierno en verano<\/strong><\/h2>\n\n\n\n<p>Si decid\u00eds hacer la gran fiesta en invierno, el verano es ideal para empezar a organizar todos los detalles con tiempo:<\/p>\n\n\n\n<ol><li><strong>Reserv\u00e1 el sal\u00f3n y los servicios clave<\/strong>: Asegurate de tener el lugar perfecto reservado con antelaci\u00f3n. Explor\u00e1 nuestras opciones de <a href=\"https:\/\/www.tufiesta.com.uy\/cumple-15\/salones-fiestas\" target=\"_blank\" rel=\"noreferrer noopener\">salones para fiestas<\/a> y proveedores de <a href=\"https:\/\/www.tufiesta.com.uy\/cumple-15\/catering-gastronomia\" target=\"_blank\" rel=\"noreferrer noopener\">catering<\/a> para encontrar el lugar y men\u00fa que se ajuste a tus gustos.<\/li><li><strong>Elecci\u00f3n del vestido<\/strong>: Aprovech\u00e1 el verano para probar estilos y colores. Muchas chicas optan por un vestido que refleje su personalidad, y pod\u00e9s encontrar opciones incre\u00edbles de <a href=\"https:\/\/www.tufiesta.com.uy\/cumple-15\/vestidos-quince\" target=\"_blank\" rel=\"noreferrer noopener\">vestidos de quince<\/a>. Si no est\u00e1s segura de cu\u00e1ntos vestidos usar en tu fiesta, nuestro art\u00edculo \u00ab<a href=\"https:\/\/www.tufiesta.com.uy\/blog\/cuantos-vestidos-debo-usar-en-mi-fiesta-de-15-anos\">\u00bfCu\u00e1ntos vestidos debo usar en mi fiesta de 15 a\u00f1os?<\/a>\u00bb te puede ayudar a decidir.<\/li><li><strong>Defin\u00ed la decoraci\u00f3n y la tem\u00e1tica<\/strong>: Ya sea un evento cl\u00e1sico, una noche de gala o una fiesta de ensue\u00f1o, pens\u00e1 en cada detalle con anticipaci\u00f3n. En nuestra secci\u00f3n de <a href=\"https:\/\/www.tufiesta.com.uy\/cumple-15\/ambientacion-fiestas\" target=\"_blank\" rel=\"noreferrer noopener\">decoraci\u00f3n para fiestas<\/a> encontrar\u00e1s opciones para crear el ambiente perfecto. Tambi\u00e9n pod\u00e9s consultar la <a href=\"https:\/\/www.tufiesta.com.uy\/blog\/conoce-la-guia-definitiva-para-organizar-la-fiesta-de-15-anos\">gu\u00eda definitiva para organizar la fiesta de 15 a\u00f1os<\/a> y asegurarte de que no te falte nada.<\/li><\/ol>\n\n\n\n<h2 class=\"kt-adv-heading_8f379c-2f wp-block-kadence-advancedheading\" data-kb-block=\"kb-adv-heading_8f379c-2f\">Preguntas frecuentes sobre Fiestas de 15 en Verano<\/h2>\n\n\n\n<div class=\"schema-faq wp-block-yoast-faq-block\"><div class=\"schema-faq-section\" id=\"faq-question-1730923645455\"><strong class=\"schema-faq-question\">\u00bfC\u00f3mo festejar un cumple en verano?<\/strong> <p class=\"schema-faq-answer\">Las fiestas en verano te permiten aprovechar tem\u00e1ticas frescas y al aire libre. Pod\u00e9s organizar una fiesta en la playa, una pool party o un picnic tem\u00e1tico.<\/p> <\/div> <div class=\"schema-faq-section\" id=\"faq-question-1730923669817\"><strong class=\"schema-faq-question\">\u00bfQu\u00e9 tem\u00e1ticas de XV hay para el verano?<\/strong> <p class=\"schema-faq-answer\">Algunas opciones populares incluyen fiesta en la playa, fiesta en la piscina, y eventos al atardecer en quintas o jardines.<\/p> <\/div> <div class=\"schema-faq-section\" id=\"faq-question-1730923684494\"><strong class=\"schema-faq-question\">\u00bfC\u00f3mo puedo festejar mis 15 a\u00f1os sin fiesta?<\/strong> <p class=\"schema-faq-answer\">Pod\u00e9s hacer una escapada con amigos, organizar una cena \u00edntima o hacer una sesi\u00f3n de fotos especial para recordar este momento sin necesidad de un evento formal.<\/p> <\/div> <div class=\"schema-faq-section\" id=\"faq-question-1730923700926\"><strong class=\"schema-faq-question\">\u00bfC\u00f3mo elegir el vestido de 15?<\/strong> <p class=\"schema-faq-answer\">Elegir el vestido perfecto es un momento especial. Mir\u00e1 nuestro art\u00edculo \u00ab<a href=\"https:\/\/www.tufiesta.com.uy\/blog\/como-elegir-el-vestido-de-15\">\u00bfC\u00f3mo elegir el vestido de 15?<\/a>\u00bb para obtener consejos que te ayuden a encontrar el vestido que mejor refleje tu personalidad.<\/p> <\/div> <\/div>\n\n\n\n<h2><strong>\u00a1Hac\u00e9 de tus 15 a\u00f1os una celebraci\u00f3n \u00fanica!<\/strong><\/h2>\n\n\n\n<p>Cumplir 15 en verano es una oportunidad para celebrar de manera especial y diferente. Ya sea que optes por una pre-fiesta en verano y la fiesta principal en invierno, o por una celebraci\u00f3n alternativa, lo importante es disfrutar cada momento. En <a href=\"https:\/\/www.tufiesta.com.uy\/cumple-15\">TuFiesta<\/a> encontrar\u00e1s todos los servicios que necesit\u00e1s para hacer realidad la fiesta de tus sue\u00f1os.<\/p>\n\n\n\n<p>\u00a1Animate a planificar una celebraci\u00f3n que refleje tu estilo y personalidad, y disfrut\u00e1 de cada instante de este momento \u00fanico en tu vida!<\/p>\n\n\n\n<p>En <strong>TuFiesta.com.uy<\/strong> llevamos <strong>m\u00e1s de 20 a\u00f1os ayudando a las quincea\u00f1eras de Uruguay a organizar la fiesta de sus sue\u00f1os<\/strong>. Contamos con una red de proveedores seleccionados y de confianza, con experiencia y buena reputaci\u00f3n en cada detalle que tu evento necesita.<\/p>\n\n\n\n<p>Ya sea que est\u00e9s buscando un sal\u00f3n ideal, fot\u00f3grafos profesionales, servicios de animaci\u00f3n y entretenimieto, o la decoraci\u00f3n perfecta, en TuFiesta.com.uy encontrar\u00e1s todo lo que necesit\u00e1s para hacer realidad tu fiesta de 15. <br>\u00a1Dej\u00e1 que nuestra experiencia te gu\u00ede y convert\u00ed tu celebraci\u00f3n en un momento inolvidable!<\/p>\n\n\n\n<p><strong>Explor\u00e1 nuestras opciones y comenz\u00e1 a planificar tu fiesta hoy mismo.<\/strong> <a href=\"https:\/\/www.tufiesta.com.uy\/cumple-15\">\u00a1Entr\u00e1 aqu\u00ed para descubrir m\u00e1s!<\/a><\/p>\n\n\n\n<hr class=\"wp-block-separator is-style-default\"\/>\n\n\n<div class=\"wp-block-kadence-posts kb-posts kb-posts-id-_fc4ebb-04 content-wrap grid-cols kb-posts-style-boxed grid-sm-col-2 grid-lg-col-3 item-image-style-above\"><article class=\"entry content-bg loop-entry post-8683 post type-post status-publish format-standard has-post-thumbnail hentry category-cumpleanos-de-15 tag-cumpleanos-de-15 tag-tips-para-quinceaneras\">\n\t\t\t<a class=\"post-thumbnail kadence-thumbnail-ratio-2-3\" href=\"https:\/\/www.tufiesta.com.uy\/blog\/evolucion-fiestas-de-15-uruguay\">\n\t\t\t<div class=\"post-thumbnail-inner\">\n\t\t\t\t<img width=\"768\" height=\"240\" src=\"https:\/\/www.tufiesta.com.uy\/blog\/wp-content\/uploads\/2026\/03\/portada-evolucion-fiestas-de-15-uruguay-768x240.jpg\" class=\"attachment-medium_large size-medium_large wp-post-image\" alt=\"Comparativa 15 a\u00f1os Uruguay antes atelier y ahora glow up interactivo zapatillas All Star\" loading=\"lazy\" srcset=\"https:\/\/www.tufiesta.com.uy\/blog\/wp-content\/uploads\/2026\/03\/portada-evolucion-fiestas-de-15-uruguay-768x240.jpg 768w, https:\/\/www.tufiesta.com.uy\/blog\/wp-content\/uploads\/2026\/03\/portada-evolucion-fiestas-de-15-uruguay-300x94.jpg 300w, https:\/\/www.tufiesta.com.uy\/blog\/wp-content\/uploads\/2026\/03\/portada-evolucion-fiestas-de-15-uruguay-1200x375.jpg 1200w, https:\/\/www.tufiesta.com.uy\/blog\/wp-content\/uploads\/2026\/03\/portada-evolucion-fiestas-de-15-uruguay-1536x480.jpg 1536w, https:\/\/www.tufiesta.com.uy\/blog\/wp-content\/uploads\/2026\/03\/portada-evolucion-fiestas-de-15-uruguay.jpg 1920w\" sizes=\"(max-width: 768px) 100vw, 768px\" \/>\t\t\t<\/div>\n\t\t<\/a><!-- .post-thumbnail -->\n\t\t\t<div class=\"entry-content-wrap\">\n\t\t<header class=\"entry-header\">\n\t\t<div class=\"entry-taxonomies\">\n\t\t<span class=\"category-links term-links category-style-normal\">\n\t\t\t<a href=\"https:\/\/www.tufiesta.com.uy\/blog\/cumpleanos-de-15\" rel=\"category tag\">Cumplea\u00f1os de 15<\/a>\t\t<\/span>\n\t<\/div><!-- .entry-taxonomies -->\n\t<h5 class=\"entry-title\"><a href=\"https:\/\/www.tufiesta.com.uy\/blog\/evolucion-fiestas-de-15-uruguay\" rel=\"bookmark\">15 a\u00f1os en Uruguay: El gran \u00abGlow Up\u00bb de la fiesta tradicional<\/a><\/h5>\t<div class=\"entry-meta entry-meta-divider-dot\">\n\t\t<\/div><!-- .entry-meta -->\n\t<\/header><!-- .entry-header -->\n\t<div class=\"entry-summary\">\n\t\t<p>Si mir\u00e1s las fotos de los 15 de tu t\u00eda o de tu mam\u00e1, seguro ves un patr\u00f3n: el vestido&#8230;<\/p>\n\t<\/div><!-- .entry-summary -->\n\t<footer class=\"entry-footer\">\n\t\t\t<div class=\"entry-actions\">\n\t\t\t<p class=\"more-link-wrap\">\n\t\t\t\t<a href=\"https:\/\/www.tufiesta.com.uy\/blog\/evolucion-fiestas-de-15-uruguay\" class=\"post-more-link\">\n\t\t\t\t\tLeer m\u00e1s<span class=\"screen-reader-text\"> 15 a\u00f1os en Uruguay: El gran \u00abGlow Up\u00bb de la fiesta tradicional<\/span><span class=\"kadence-svg-iconset svg-baseline\"><svg aria-hidden=\"true\" class=\"kadence-svg-icon kadence-arrow-right-alt-svg\" fill=\"currentColor\" version=\"1.1\" xmlns=\"http:\/\/www.w3.org\/2000\/svg\" width=\"27\" height=\"28\" viewBox=\"0 0 27 28\"><title>Continuar<\/title><path d=\"M27 13.953c0 0.141-0.063 0.281-0.156 0.375l-6 5.531c-0.156 0.141-0.359 0.172-0.547 0.094-0.172-0.078-0.297-0.25-0.297-0.453v-3.5h-19.5c-0.281 0-0.5-0.219-0.5-0.5v-3c0-0.281 0.219-0.5 0.5-0.5h19.5v-3.5c0-0.203 0.109-0.375 0.297-0.453s0.391-0.047 0.547 0.078l6 5.469c0.094 0.094 0.156 0.219 0.156 0.359v0z\"><\/path>\n\t\t\t<\/svg><\/span>\t\t\t\t<\/a>\n\t\t\t<\/p>\n\t\t<\/div><!-- .entry-actions -->\n\t\t<\/footer><!-- .entry-footer -->\t<\/div>\n<\/article>\n<article class=\"entry content-bg loop-entry post-8545 post type-post status-publish format-standard has-post-thumbnail hentry category-cumpleanos-de-15 category-fiestas-y-eventos category-prensa tag-entretenimento-para-fiestas tag-magos-para-fiestas tag-show-de-hipnosis tag-show-de-hipnosis-para-fiestas tag-show-de-hipnotismo-para-fiestas-y-eventos tag-show-de-magia-para-eventos tag-show-de-magia-para-fiestas\">\n\t\t\t<a class=\"post-thumbnail kadence-thumbnail-ratio-2-3\" href=\"https:\/\/www.tufiesta.com.uy\/blog\/hipnosis-comica-en-fiestas-y-eventos-como-funciona-este-show\">\n\t\t\t<div class=\"post-thumbnail-inner\">\n\t\t\t\t<img width=\"768\" height=\"240\" src=\"https:\/\/www.tufiesta.com.uy\/blog\/wp-content\/uploads\/2026\/01\/entrevista-daymon-hipnosis-comica-768x240.jpg\" class=\"attachment-medium_large size-medium_large wp-post-image\" alt=\"Daymon hipnosis\" loading=\"lazy\" srcset=\"https:\/\/www.tufiesta.com.uy\/blog\/wp-content\/uploads\/2026\/01\/entrevista-daymon-hipnosis-comica-768x240.jpg 768w, https:\/\/www.tufiesta.com.uy\/blog\/wp-content\/uploads\/2026\/01\/entrevista-daymon-hipnosis-comica-300x94.jpg 300w, https:\/\/www.tufiesta.com.uy\/blog\/wp-content\/uploads\/2026\/01\/entrevista-daymon-hipnosis-comica-1200x375.jpg 1200w, https:\/\/www.tufiesta.com.uy\/blog\/wp-content\/uploads\/2026\/01\/entrevista-daymon-hipnosis-comica-1536x480.jpg 1536w, https:\/\/www.tufiesta.com.uy\/blog\/wp-content\/uploads\/2026\/01\/entrevista-daymon-hipnosis-comica.jpg 1920w\" sizes=\"(max-width: 768px) 100vw, 768px\" \/>\t\t\t<\/div>\n\t\t<\/a><!-- .post-thumbnail -->\n\t\t\t<div class=\"entry-content-wrap\">\n\t\t<header class=\"entry-header\">\n\t\t<div class=\"entry-taxonomies\">\n\t\t<span class=\"category-links term-links category-style-normal\">\n\t\t\t<a href=\"https:\/\/www.tufiesta.com.uy\/blog\/cumpleanos-de-15\" rel=\"category tag\">Cumplea\u00f1os de 15<\/a> | <a href=\"https:\/\/www.tufiesta.com.uy\/blog\/fiestas-y-eventos\" rel=\"category tag\">Otras fiestas y eventos<\/a> | <a href=\"https:\/\/www.tufiesta.com.uy\/blog\/prensa\" rel=\"category tag\">Prensa<\/a>\t\t<\/span>\n\t<\/div><!-- .entry-taxonomies -->\n\t<h5 class=\"entry-title\"><a href=\"https:\/\/www.tufiesta.com.uy\/blog\/hipnosis-comica-en-fiestas-y-eventos-como-funciona-este-show\" rel=\"bookmark\">Hipnosis c\u00f3mica en fiestas y eventos: c\u00f3mo funciona este show<\/a><\/h5>\t<div class=\"entry-meta entry-meta-divider-dot\">\n\t\t<\/div><!-- .entry-meta -->\n\t<\/header><!-- .entry-header -->\n\t<div class=\"entry-summary\">\n\t\t<p>Cuando se busca entretenimiento para una fiesta o evento, cada vez m\u00e1s personas eligen propuestas participativas que involucren al p\u00fablico&#8230;<\/p>\n\t<\/div><!-- .entry-summary -->\n\t<footer class=\"entry-footer\">\n\t\t\t<div class=\"entry-actions\">\n\t\t\t<p class=\"more-link-wrap\">\n\t\t\t\t<a href=\"https:\/\/www.tufiesta.com.uy\/blog\/hipnosis-comica-en-fiestas-y-eventos-como-funciona-este-show\" class=\"post-more-link\">\n\t\t\t\t\tLeer m\u00e1s<span class=\"screen-reader-text\"> Hipnosis c\u00f3mica en fiestas y eventos: c\u00f3mo funciona este show<\/span><span class=\"kadence-svg-iconset svg-baseline\"><svg aria-hidden=\"true\" class=\"kadence-svg-icon kadence-arrow-right-alt-svg\" fill=\"currentColor\" version=\"1.1\" xmlns=\"http:\/\/www.w3.org\/2000\/svg\" width=\"27\" height=\"28\" viewBox=\"0 0 27 28\"><title>Continuar<\/title><path d=\"M27 13.953c0 0.141-0.063 0.281-0.156 0.375l-6 5.531c-0.156 0.141-0.359 0.172-0.547 0.094-0.172-0.078-0.297-0.25-0.297-0.453v-3.5h-19.5c-0.281 0-0.5-0.219-0.5-0.5v-3c0-0.281 0.219-0.5 0.5-0.5h19.5v-3.5c0-0.203 0.109-0.375 0.297-0.453s0.391-0.047 0.547 0.078l6 5.469c0.094 0.094 0.156 0.219 0.156 0.359v0z\"><\/path>\n\t\t\t<\/svg><\/span>\t\t\t\t<\/a>\n\t\t\t<\/p>\n\t\t<\/div><!-- .entry-actions -->\n\t\t<\/footer><!-- .entry-footer -->\t<\/div>\n<\/article>\n<article class=\"entry content-bg loop-entry post-8478 post type-post status-publish format-standard has-post-thumbnail hentry category-casamientos category-cumpleanos-de-15 category-fiestas-y-eventos category-prensa tag-bodas tag-casamientos tag-cumpleanos-de-15 tag-decoracion-de-eventos tag-lugares-para-fiestas tag-salones-de-fiestas tag-wedding-planner\">\n\t\t\t<a class=\"post-thumbnail kadence-thumbnail-ratio-2-3\" href=\"https:\/\/www.tufiesta.com.uy\/blog\/entrevista-solange-lo-nuevo-portofino-country-lounge\">\n\t\t\t<div class=\"post-thumbnail-inner\">\n\t\t\t\t<img width=\"768\" height=\"240\" src=\"https:\/\/www.tufiesta.com.uy\/blog\/wp-content\/uploads\/2025\/11\/portada-entrevista-solange-lo-nuevo-portofino-country-lounge-768x240.jpg\" class=\"attachment-medium_large size-medium_large wp-post-image\" alt=\"Nueva Chacra para fiestas- Portofino Country Lounge\" loading=\"lazy\" srcset=\"https:\/\/www.tufiesta.com.uy\/blog\/wp-content\/uploads\/2025\/11\/portada-entrevista-solange-lo-nuevo-portofino-country-lounge-768x240.jpg 768w, https:\/\/www.tufiesta.com.uy\/blog\/wp-content\/uploads\/2025\/11\/portada-entrevista-solange-lo-nuevo-portofino-country-lounge-300x94.jpg 300w, https:\/\/www.tufiesta.com.uy\/blog\/wp-content\/uploads\/2025\/11\/portada-entrevista-solange-lo-nuevo-portofino-country-lounge-1200x375.jpg 1200w, https:\/\/www.tufiesta.com.uy\/blog\/wp-content\/uploads\/2025\/11\/portada-entrevista-solange-lo-nuevo-portofino-country-lounge-1536x480.jpg 1536w, https:\/\/www.tufiesta.com.uy\/blog\/wp-content\/uploads\/2025\/11\/portada-entrevista-solange-lo-nuevo-portofino-country-lounge.jpg 1920w\" sizes=\"(max-width: 768px) 100vw, 768px\" \/>\t\t\t<\/div>\n\t\t<\/a><!-- .post-thumbnail -->\n\t\t\t<div class=\"entry-content-wrap\">\n\t\t<header class=\"entry-header\">\n\t\t<div class=\"entry-taxonomies\">\n\t\t<span class=\"category-links term-links category-style-normal\">\n\t\t\t<a href=\"https:\/\/www.tufiesta.com.uy\/blog\/casamientos\" rel=\"category tag\">Casamientos<\/a> | <a href=\"https:\/\/www.tufiesta.com.uy\/blog\/cumpleanos-de-15\" rel=\"category tag\">Cumplea\u00f1os de 15<\/a> | <a href=\"https:\/\/www.tufiesta.com.uy\/blog\/fiestas-y-eventos\" rel=\"category tag\">Otras fiestas y eventos<\/a> | <a href=\"https:\/\/www.tufiesta.com.uy\/blog\/prensa\" rel=\"category tag\">Prensa<\/a>\t\t<\/span>\n\t<\/div><!-- .entry-taxonomies -->\n\t<h5 class=\"entry-title\"><a href=\"https:\/\/www.tufiesta.com.uy\/blog\/entrevista-solange-lo-nuevo-portofino-country-lounge\" rel=\"bookmark\">As\u00ed es Portofino Country Lounge, la nueva propuesta de Portofino en Camino de los Horneros<\/a><\/h5>\t<div class=\"entry-meta entry-meta-divider-dot\">\n\t\t<\/div><!-- .entry-meta -->\n\t<\/header><!-- .entry-header -->\n\t<div class=\"entry-summary\">\n\t\t<p>Portofino sigue creciendo y abriendo caminos dentro del mundo de las celebraciones en Uruguay. En esta oportunidad, conversamos con Solange&#8230;<\/p>\n\t<\/div><!-- .entry-summary -->\n\t<footer class=\"entry-footer\">\n\t\t\t<div class=\"entry-actions\">\n\t\t\t<p class=\"more-link-wrap\">\n\t\t\t\t<a href=\"https:\/\/www.tufiesta.com.uy\/blog\/entrevista-solange-lo-nuevo-portofino-country-lounge\" class=\"post-more-link\">\n\t\t\t\t\tLeer m\u00e1s<span class=\"screen-reader-text\"> As\u00ed es Portofino Country Lounge, la nueva propuesta de Portofino en Camino de los Horneros<\/span><span class=\"kadence-svg-iconset svg-baseline\"><svg aria-hidden=\"true\" class=\"kadence-svg-icon kadence-arrow-right-alt-svg\" fill=\"currentColor\" version=\"1.1\" xmlns=\"http:\/\/www.w3.org\/2000\/svg\" width=\"27\" height=\"28\" viewBox=\"0 0 27 28\"><title>Continuar<\/title><path d=\"M27 13.953c0 0.141-0.063 0.281-0.156 0.375l-6 5.531c-0.156 0.141-0.359 0.172-0.547 0.094-0.172-0.078-0.297-0.25-0.297-0.453v-3.5h-19.5c-0.281 0-0.5-0.219-0.5-0.5v-3c0-0.281 0.219-0.5 0.5-0.5h19.5v-3.5c0-0.203 0.109-0.375 0.297-0.453s0.391-0.047 0.547 0.078l6 5.469c0.094 0.094 0.156 0.219 0.156 0.359v0z\"><\/path>\n\t\t\t<\/svg><\/span>\t\t\t\t<\/a>\n\t\t\t<\/p>\n\t\t<\/div><!-- .entry-actions -->\n\t\t<\/footer><!-- .entry-footer -->\t<\/div>\n<\/article>\n<\/div>","protected":false},"excerpt":{"rendered":"<p>\u00bfCumpl\u00eds 15 a\u00f1os en pleno verano y no sab\u00e9s si hacer tu fiesta en esa fecha o esperar al invierno? \u00a1No est\u00e1s sola! Esta es una pregunta muy com\u00fan entre&#8230;<\/p>\n","protected":false},"author":4,"featured_media":7561,"comment_status":"open","ping_status":"open","sticky":false,"template":"","format":"standard","meta":{"kt_blocks_editor_width":"","_kad_post_transparent":"","_kad_post_title":"","_kad_post_layout":"","_kad_post_sidebar_id":"","_kad_post_content_style":"","_kad_post_vertical_padding":"","_kad_post_feature":"","_kad_post_feature_position":"","_kad_post_header":false,"_kad_post_footer":false},"categories":[301],"tags":[82,91],"yoast_head":"<!-- This site is optimized with the Yoast SEO Premium plugin v16.8 (Yoast SEO v18.0) - https:\/\/yoast.com\/wordpress\/plugins\/seo\/ -->\n<title>\u00bfCumpl\u00eds 15 en Verano? Ideas y consejos para planificar la fiesta perfecta<\/title>\n<meta name=\"description\" content=\"Descubr\u00ed opciones para festejar tus 15 a\u00f1os en verano o invierno: tem\u00e1ticas originales, pre-fiestas, y consejos para una celebraci\u00f3n inolvidable. En TuFiesta.com.uy te ayudamos a organizar cada detalle\" \/>\n<meta name=\"robots\" content=\"index, follow, max-snippet:-1, max-image-preview:large, max-video-preview:-1\" \/>\n<link rel=\"canonical\" href=\"https:\/\/www.tufiesta.com.uy\/blog\/cumplis-15-en-verano-cuando-festejar-y-que-opciones-tenes\" \/>\n<meta property=\"og:locale\" content=\"es_ES\" \/>\n<meta property=\"og:type\" content=\"article\" \/>\n<meta property=\"og:title\" content=\"\u00bfCumpl\u00eds 15 en Verano? Ideas y consejos para planificar la fiesta perfecta\" \/>\n<meta property=\"og:description\" content=\"Descubr\u00ed opciones para festejar tus 15 a\u00f1os en verano o invierno: tem\u00e1ticas originales, pre-fiestas, y consejos para una celebraci\u00f3n inolvidable. En TuFiesta.com.uy te ayudamos a organizar cada detalle\" \/>\n<meta property=\"og:url\" content=\"https:\/\/www.tufiesta.com.uy\/blog\/cumplis-15-en-verano-cuando-festejar-y-que-opciones-tenes\" \/>\n<meta property=\"og:site_name\" content=\"IDEAS - PARA QUE TU FIESTA SEA INOLVIDABLE.\" \/>\n<meta property=\"article:publisher\" content=\"https:\/\/www.facebook.com\/TuFiestaUruguay\/\" \/>\n<meta property=\"article:published_time\" content=\"2024-11-06T20:55:46+00:00\" \/>\n<meta property=\"article:modified_time\" content=\"2024-11-06T20:55:47+00:00\" \/>\n<meta property=\"og:image\" content=\"https:\/\/www.tufiesta.com.uy\/blog\/wp-content\/uploads\/2024\/11\/portada-cumplis-en-verano-cuando-festejar-y-que-opciones-tenes.jpg\" \/>\n\t<meta property=\"og:image:width\" content=\"1920\" \/>\n\t<meta property=\"og:image:height\" content=\"600\" \/>\n\t<meta property=\"og:image:type\" content=\"image\/jpeg\" \/>\n<meta name=\"twitter:card\" content=\"summary_large_image\" \/>\n<meta name=\"twitter:label1\" content=\"Escrito por\" \/>\n\t<meta name=\"twitter:data1\" content=\"info\" \/>\n\t<meta name=\"twitter:label2\" content=\"Tiempo de lectura\" \/>\n\t<meta name=\"twitter:data2\" content=\"7 minutos\" \/>\n<script type=\"application\/ld+json\" class=\"yoast-schema-graph\">{\"@context\":\"https:\/\/schema.org\",\"@graph\":[{\"@type\":\"Organization\",\"@id\":\"https:\/\/www.tufiesta.com.uy\/blog\/#organization\",\"name\":\"TuFiesta.com.uy\",\"url\":\"https:\/\/www.tufiesta.com.uy\/blog\/\",\"sameAs\":[\"https:\/\/www.facebook.com\/TuFiestaUruguay\/\",\"https:\/\/www.instagram.com\/TuFiestaUruguay\/\",\"https:\/\/www.youtube.com\/@tufiestauruguay\"],\"logo\":{\"@type\":\"ImageObject\",\"@id\":\"https:\/\/www.tufiesta.com.uy\/blog\/#logo\",\"inLanguage\":\"es\",\"url\":\"https:\/\/www.tufiesta.com.uy\/blog\/wp-content\/uploads\/2022\/05\/logo-gris-y-naranja.png\",\"contentUrl\":\"https:\/\/www.tufiesta.com.uy\/blog\/wp-content\/uploads\/2022\/05\/logo-gris-y-naranja.png\",\"width\":298,\"height\":115,\"caption\":\"TuFiesta.com.uy\"},\"image\":{\"@id\":\"https:\/\/www.tufiesta.com.uy\/blog\/#logo\"}},{\"@type\":\"WebSite\",\"@id\":\"https:\/\/www.tufiesta.com.uy\/blog\/#website\",\"url\":\"https:\/\/www.tufiesta.com.uy\/blog\/\",\"name\":\"IDEAS - PARA QUE TU FIESTA SEA INOLVIDABLE.\",\"description\":\"Te mostramos ideas, &quot;lo \u00faltimo&quot; y &quot;lo que se viene&quot; para que no te falte nada. Propuestas para casamientos, fiestas infantiles, 15 a\u00f1os, eventos empresariales, despedidas de soltera\/o, bautismos, bodas, graduaciones, baby showers, aniversarios, cumplea\u00f1os de 30 - 40 - 50 - 60 - 70 - 80 - 90, despedidas de a\u00f1o y todo acontecimiento que merezca un festejo. Si hay un motivo \u00a1a festejar!\",\"publisher\":{\"@id\":\"https:\/\/www.tufiesta.com.uy\/blog\/#organization\"},\"potentialAction\":[{\"@type\":\"SearchAction\",\"target\":{\"@type\":\"EntryPoint\",\"urlTemplate\":\"https:\/\/www.tufiesta.com.uy\/blog\/?s={search_term_string}\"},\"query-input\":\"required name=search_term_string\"}],\"inLanguage\":\"es\"},{\"@type\":\"ImageObject\",\"@id\":\"https:\/\/www.tufiesta.com.uy\/blog\/cumplis-15-en-verano-cuando-festejar-y-que-opciones-tenes#primaryimage\",\"inLanguage\":\"es\",\"url\":\"https:\/\/www.tufiesta.com.uy\/blog\/wp-content\/uploads\/2024\/11\/portada-cumplis-en-verano-cuando-festejar-y-que-opciones-tenes.jpg\",\"contentUrl\":\"https:\/\/www.tufiesta.com.uy\/blog\/wp-content\/uploads\/2024\/11\/portada-cumplis-en-verano-cuando-festejar-y-que-opciones-tenes.jpg\",\"width\":1920,\"height\":600,\"caption\":\"cumplea\u00f1os de 15 en verano\"},{\"@type\":[\"WebPage\",\"FAQPage\"],\"@id\":\"https:\/\/www.tufiesta.com.uy\/blog\/cumplis-15-en-verano-cuando-festejar-y-que-opciones-tenes#webpage\",\"url\":\"https:\/\/www.tufiesta.com.uy\/blog\/cumplis-15-en-verano-cuando-festejar-y-que-opciones-tenes\",\"name\":\"\u00bfCumpl\u00eds 15 en Verano? Ideas y consejos para planificar la fiesta perfecta\",\"isPartOf\":{\"@id\":\"https:\/\/www.tufiesta.com.uy\/blog\/#website\"},\"primaryImageOfPage\":{\"@id\":\"https:\/\/www.tufiesta.com.uy\/blog\/cumplis-15-en-verano-cuando-festejar-y-que-opciones-tenes#primaryimage\"},\"datePublished\":\"2024-11-06T20:55:46+00:00\",\"dateModified\":\"2024-11-06T20:55:47+00:00\",\"description\":\"Descubr\u00ed opciones para festejar tus 15 a\u00f1os en verano o invierno: tem\u00e1ticas originales, pre-fiestas, y consejos para una celebraci\u00f3n inolvidable. En TuFiesta.com.uy te ayudamos a organizar cada detalle\",\"breadcrumb\":{\"@id\":\"https:\/\/www.tufiesta.com.uy\/blog\/cumplis-15-en-verano-cuando-festejar-y-que-opciones-tenes#breadcrumb\"},\"mainEntity\":[{\"@id\":\"https:\/\/www.tufiesta.com.uy\/blog\/cumplis-15-en-verano-cuando-festejar-y-que-opciones-tenes#faq-question-1730923645455\"},{\"@id\":\"https:\/\/www.tufiesta.com.uy\/blog\/cumplis-15-en-verano-cuando-festejar-y-que-opciones-tenes#faq-question-1730923669817\"},{\"@id\":\"https:\/\/www.tufiesta.com.uy\/blog\/cumplis-15-en-verano-cuando-festejar-y-que-opciones-tenes#faq-question-1730923684494\"},{\"@id\":\"https:\/\/www.tufiesta.com.uy\/blog\/cumplis-15-en-verano-cuando-festejar-y-que-opciones-tenes#faq-question-1730923700926\"}],\"inLanguage\":\"es\",\"potentialAction\":[{\"@type\":\"ReadAction\",\"target\":[\"https:\/\/www.tufiesta.com.uy\/blog\/cumplis-15-en-verano-cuando-festejar-y-que-opciones-tenes\"]}]},{\"@type\":\"BreadcrumbList\",\"@id\":\"https:\/\/www.tufiesta.com.uy\/blog\/cumplis-15-en-verano-cuando-festejar-y-que-opciones-tenes#breadcrumb\",\"itemListElement\":[{\"@type\":\"ListItem\",\"position\":1,\"name\":\"Blog\",\"item\":\"https:\/\/www.tufiesta.com.uy\/blog\/\"},{\"@type\":\"ListItem\",\"position\":2,\"name\":\"Cumpl\u00eds 15 en Verano: \u00bfCu\u00e1ndo festejar y qu\u00e9 opciones ten\u00e9s?\"}]},{\"@type\":\"Article\",\"@id\":\"https:\/\/www.tufiesta.com.uy\/blog\/cumplis-15-en-verano-cuando-festejar-y-que-opciones-tenes#article\",\"isPartOf\":{\"@id\":\"https:\/\/www.tufiesta.com.uy\/blog\/cumplis-15-en-verano-cuando-festejar-y-que-opciones-tenes#webpage\"},\"author\":{\"@id\":\"https:\/\/www.tufiesta.com.uy\/blog\/#\/schema\/person\/5bde7fa0e9a5dc00eb321646f0fd92d5\"},\"headline\":\"Cumpl\u00eds 15 en Verano: \u00bfCu\u00e1ndo festejar y qu\u00e9 opciones ten\u00e9s?\",\"datePublished\":\"2024-11-06T20:55:46+00:00\",\"dateModified\":\"2024-11-06T20:55:47+00:00\",\"mainEntityOfPage\":{\"@id\":\"https:\/\/www.tufiesta.com.uy\/blog\/cumplis-15-en-verano-cuando-festejar-y-que-opciones-tenes#webpage\"},\"wordCount\":1413,\"commentCount\":0,\"publisher\":{\"@id\":\"https:\/\/www.tufiesta.com.uy\/blog\/#organization\"},\"image\":{\"@id\":\"https:\/\/www.tufiesta.com.uy\/blog\/cumplis-15-en-verano-cuando-festejar-y-que-opciones-tenes#primaryimage\"},\"thumbnailUrl\":\"https:\/\/www.tufiesta.com.uy\/blog\/wp-content\/uploads\/2024\/11\/portada-cumplis-en-verano-cuando-festejar-y-que-opciones-tenes.jpg\",\"keywords\":[\"cumplea\u00f1os de 15\",\"tips para quincea\u00f1eras\"],\"articleSection\":[\"Cumplea\u00f1os de 15\"],\"inLanguage\":\"es\",\"potentialAction\":[{\"@type\":\"CommentAction\",\"name\":\"Comment\",\"target\":[\"https:\/\/www.tufiesta.com.uy\/blog\/cumplis-15-en-verano-cuando-festejar-y-que-opciones-tenes#respond\"]}]},{\"@type\":\"Person\",\"@id\":\"https:\/\/www.tufiesta.com.uy\/blog\/#\/schema\/person\/5bde7fa0e9a5dc00eb321646f0fd92d5\",\"name\":\"info\",\"image\":{\"@type\":\"ImageObject\",\"@id\":\"https:\/\/www.tufiesta.com.uy\/blog\/#personlogo\",\"inLanguage\":\"es\",\"url\":\"https:\/\/secure.gravatar.com\/avatar\/5fcfbfc2652d40d4580bc7c199c13f55?s=96&d=mm&r=g\",\"contentUrl\":\"https:\/\/secure.gravatar.com\/avatar\/5fcfbfc2652d40d4580bc7c199c13f55?s=96&d=mm&r=g\",\"caption\":\"info\"}},{\"@type\":\"Question\",\"@id\":\"https:\/\/www.tufiesta.com.uy\/blog\/cumplis-15-en-verano-cuando-festejar-y-que-opciones-tenes#faq-question-1730923645455\",\"position\":1,\"url\":\"https:\/\/www.tufiesta.com.uy\/blog\/cumplis-15-en-verano-cuando-festejar-y-que-opciones-tenes#faq-question-1730923645455\",\"name\":\"\u00bfC\u00f3mo festejar un cumple en verano?\",\"answerCount\":1,\"acceptedAnswer\":{\"@type\":\"Answer\",\"text\":\"Las fiestas en verano te permiten aprovechar tem\u00e1ticas frescas y al aire libre. Pod\u00e9s organizar una fiesta en la playa, una pool party o un picnic tem\u00e1tico.\",\"inLanguage\":\"es\"},\"inLanguage\":\"es\"},{\"@type\":\"Question\",\"@id\":\"https:\/\/www.tufiesta.com.uy\/blog\/cumplis-15-en-verano-cuando-festejar-y-que-opciones-tenes#faq-question-1730923669817\",\"position\":2,\"url\":\"https:\/\/www.tufiesta.com.uy\/blog\/cumplis-15-en-verano-cuando-festejar-y-que-opciones-tenes#faq-question-1730923669817\",\"name\":\"\u00bfQu\u00e9 tem\u00e1ticas de XV hay para el verano?\",\"answerCount\":1,\"acceptedAnswer\":{\"@type\":\"Answer\",\"text\":\"Algunas opciones populares incluyen fiesta en la playa, fiesta en la piscina, y eventos al atardecer en quintas o jardines.\",\"inLanguage\":\"es\"},\"inLanguage\":\"es\"},{\"@type\":\"Question\",\"@id\":\"https:\/\/www.tufiesta.com.uy\/blog\/cumplis-15-en-verano-cuando-festejar-y-que-opciones-tenes#faq-question-1730923684494\",\"position\":3,\"url\":\"https:\/\/www.tufiesta.com.uy\/blog\/cumplis-15-en-verano-cuando-festejar-y-que-opciones-tenes#faq-question-1730923684494\",\"name\":\"\u00bfC\u00f3mo puedo festejar mis 15 a\u00f1os sin fiesta?\",\"answerCount\":1,\"acceptedAnswer\":{\"@type\":\"Answer\",\"text\":\"Pod\u00e9s hacer una escapada con amigos, organizar una cena \u00edntima o hacer una sesi\u00f3n de fotos especial para recordar este momento sin necesidad de un evento formal.\",\"inLanguage\":\"es\"},\"inLanguage\":\"es\"},{\"@type\":\"Question\",\"@id\":\"https:\/\/www.tufiesta.com.uy\/blog\/cumplis-15-en-verano-cuando-festejar-y-que-opciones-tenes#faq-question-1730923700926\",\"position\":4,\"url\":\"https:\/\/www.tufiesta.com.uy\/blog\/cumplis-15-en-verano-cuando-festejar-y-que-opciones-tenes#faq-question-1730923700926\",\"name\":\"\u00bfC\u00f3mo elegir el vestido de 15?\",\"answerCount\":1,\"acceptedAnswer\":{\"@type\":\"Answer\",\"text\":\"Elegir el vestido perfecto es un momento especial. Mir\u00e1 nuestro art\u00edculo \\\"<a href=\\\"https:\/\/www.tufiesta.com.uy\/blog\/como-elegir-el-vestido-de-15\\\">\u00bfC\u00f3mo elegir el vestido de 15?<\/a>\\\" para obtener consejos que te ayuden a encontrar el vestido que mejor refleje tu personalidad.\",\"inLanguage\":\"es\"},\"inLanguage\":\"es\"}]}<\/script>\n<!-- \/ Yoast SEO Premium plugin. -->","yoast_head_json":{"title":"\u00bfCumpl\u00eds 15 en Verano? Ideas y consejos para planificar la fiesta perfecta","description":"Descubr\u00ed opciones para festejar tus 15 a\u00f1os en verano o invierno: tem\u00e1ticas originales, pre-fiestas, y consejos para una celebraci\u00f3n inolvidable. En TuFiesta.com.uy te ayudamos a organizar cada detalle","robots":{"index":"index","follow":"follow","max-snippet":"max-snippet:-1","max-image-preview":"max-image-preview:large","max-video-preview":"max-video-preview:-1"},"canonical":"https:\/\/www.tufiesta.com.uy\/blog\/cumplis-15-en-verano-cuando-festejar-y-que-opciones-tenes","og_locale":"es_ES","og_type":"article","og_title":"\u00bfCumpl\u00eds 15 en Verano? Ideas y consejos para planificar la fiesta perfecta","og_description":"Descubr\u00ed opciones para festejar tus 15 a\u00f1os en verano o invierno: tem\u00e1ticas originales, pre-fiestas, y consejos para una celebraci\u00f3n inolvidable. En TuFiesta.com.uy te ayudamos a organizar cada detalle","og_url":"https:\/\/www.tufiesta.com.uy\/blog\/cumplis-15-en-verano-cuando-festejar-y-que-opciones-tenes","og_site_name":"IDEAS - PARA QUE TU FIESTA SEA INOLVIDABLE.","article_publisher":"https:\/\/www.facebook.com\/TuFiestaUruguay\/","article_published_time":"2024-11-06T20:55:46+00:00","article_modified_time":"2024-11-06T20:55:47+00:00","og_image":[{"width":1920,"height":600,"url":"https:\/\/www.tufiesta.com.uy\/blog\/wp-content\/uploads\/2024\/11\/portada-cumplis-en-verano-cuando-festejar-y-que-opciones-tenes.jpg","type":"image\/jpeg"}],"twitter_card":"summary_large_image","twitter_misc":{"Escrito por":"info","Tiempo de lectura":"7 minutos"},"schema":{"@context":"https:\/\/schema.org","@graph":[{"@type":"Organization","@id":"https:\/\/www.tufiesta.com.uy\/blog\/#organization","name":"TuFiesta.com.uy","url":"https:\/\/www.tufiesta.com.uy\/blog\/","sameAs":["https:\/\/www.facebook.com\/TuFiestaUruguay\/","https:\/\/www.instagram.com\/TuFiestaUruguay\/","https:\/\/www.youtube.com\/@tufiestauruguay"],"logo":{"@type":"ImageObject","@id":"https:\/\/www.tufiesta.com.uy\/blog\/#logo","inLanguage":"es","url":"https:\/\/www.tufiesta.com.uy\/blog\/wp-content\/uploads\/2022\/05\/logo-gris-y-naranja.png","contentUrl":"https:\/\/www.tufiesta.com.uy\/blog\/wp-content\/uploads\/2022\/05\/logo-gris-y-naranja.png","width":298,"height":115,"caption":"TuFiesta.com.uy"},"image":{"@id":"https:\/\/www.tufiesta.com.uy\/blog\/#logo"}},{"@type":"WebSite","@id":"https:\/\/www.tufiesta.com.uy\/blog\/#website","url":"https:\/\/www.tufiesta.com.uy\/blog\/","name":"IDEAS - PARA QUE TU FIESTA SEA INOLVIDABLE.","description":"Te mostramos ideas, &quot;lo \u00faltimo&quot; y &quot;lo que se viene&quot; para que no te falte nada. Propuestas para casamientos, fiestas infantiles, 15 a\u00f1os, eventos empresariales, despedidas de soltera\/o, bautismos, bodas, graduaciones, baby showers, aniversarios, cumplea\u00f1os de 30 - 40 - 50 - 60 - 70 - 80 - 90, despedidas de a\u00f1o y todo acontecimiento que merezca un festejo. Si hay un motivo \u00a1a festejar!","publisher":{"@id":"https:\/\/www.tufiesta.com.uy\/blog\/#organization"},"potentialAction":[{"@type":"SearchAction","target":{"@type":"EntryPoint","urlTemplate":"https:\/\/www.tufiesta.com.uy\/blog\/?s={search_term_string}"},"query-input":"required name=search_term_string"}],"inLanguage":"es"},{"@type":"ImageObject","@id":"https:\/\/www.tufiesta.com.uy\/blog\/cumplis-15-en-verano-cuando-festejar-y-que-opciones-tenes#primaryimage","inLanguage":"es","url":"https:\/\/www.tufiesta.com.uy\/blog\/wp-content\/uploads\/2024\/11\/portada-cumplis-en-verano-cuando-festejar-y-que-opciones-tenes.jpg","contentUrl":"https:\/\/www.tufiesta.com.uy\/blog\/wp-content\/uploads\/2024\/11\/portada-cumplis-en-verano-cuando-festejar-y-que-opciones-tenes.jpg","width":1920,"height":600,"caption":"cumplea\u00f1os de 15 en verano"},{"@type":["WebPage","FAQPage"],"@id":"https:\/\/www.tufiesta.com.uy\/blog\/cumplis-15-en-verano-cuando-festejar-y-que-opciones-tenes#webpage","url":"https:\/\/www.tufiesta.com.uy\/blog\/cumplis-15-en-verano-cuando-festejar-y-que-opciones-tenes","name":"\u00bfCumpl\u00eds 15 en Verano? Ideas y consejos para planificar la fiesta perfecta","isPartOf":{"@id":"https:\/\/www.tufiesta.com.uy\/blog\/#website"},"primaryImageOfPage":{"@id":"https:\/\/www.tufiesta.com.uy\/blog\/cumplis-15-en-verano-cuando-festejar-y-que-opciones-tenes#primaryimage"},"datePublished":"2024-11-06T20:55:46+00:00","dateModified":"2024-11-06T20:55:47+00:00","description":"Descubr\u00ed opciones para festejar tus 15 a\u00f1os en verano o invierno: tem\u00e1ticas originales, pre-fiestas, y consejos para una celebraci\u00f3n inolvidable. En TuFiesta.com.uy te ayudamos a organizar cada detalle","breadcrumb":{"@id":"https:\/\/www.tufiesta.com.uy\/blog\/cumplis-15-en-verano-cuando-festejar-y-que-opciones-tenes#breadcrumb"},"mainEntity":[{"@id":"https:\/\/www.tufiesta.com.uy\/blog\/cumplis-15-en-verano-cuando-festejar-y-que-opciones-tenes#faq-question-1730923645455"},{"@id":"https:\/\/www.tufiesta.com.uy\/blog\/cumplis-15-en-verano-cuando-festejar-y-que-opciones-tenes#faq-question-1730923669817"},{"@id":"https:\/\/www.tufiesta.com.uy\/blog\/cumplis-15-en-verano-cuando-festejar-y-que-opciones-tenes#faq-question-1730923684494"},{"@id":"https:\/\/www.tufiesta.com.uy\/blog\/cumplis-15-en-verano-cuando-festejar-y-que-opciones-tenes#faq-question-1730923700926"}],"inLanguage":"es","potentialAction":[{"@type":"ReadAction","target":["https:\/\/www.tufiesta.com.uy\/blog\/cumplis-15-en-verano-cuando-festejar-y-que-opciones-tenes"]}]},{"@type":"BreadcrumbList","@id":"https:\/\/www.tufiesta.com.uy\/blog\/cumplis-15-en-verano-cuando-festejar-y-que-opciones-tenes#breadcrumb","itemListElement":[{"@type":"ListItem","position":1,"name":"Blog","item":"https:\/\/www.tufiesta.com.uy\/blog\/"},{"@type":"ListItem","position":2,"name":"Cumpl\u00eds 15 en Verano: \u00bfCu\u00e1ndo festejar y qu\u00e9 opciones ten\u00e9s?"}]},{"@type":"Article","@id":"https:\/\/www.tufiesta.com.uy\/blog\/cumplis-15-en-verano-cuando-festejar-y-que-opciones-tenes#article","isPartOf":{"@id":"https:\/\/www.tufiesta.com.uy\/blog\/cumplis-15-en-verano-cuando-festejar-y-que-opciones-tenes#webpage"},"author":{"@id":"https:\/\/www.tufiesta.com.uy\/blog\/#\/schema\/person\/5bde7fa0e9a5dc00eb321646f0fd92d5"},"headline":"Cumpl\u00eds 15 en Verano: \u00bfCu\u00e1ndo festejar y qu\u00e9 opciones ten\u00e9s?","datePublished":"2024-11-06T20:55:46+00:00","dateModified":"2024-11-06T20:55:47+00:00","mainEntityOfPage":{"@id":"https:\/\/www.tufiesta.com.uy\/blog\/cumplis-15-en-verano-cuando-festejar-y-que-opciones-tenes#webpage"},"wordCount":1413,"commentCount":0,"publisher":{"@id":"https:\/\/www.tufiesta.com.uy\/blog\/#organization"},"image":{"@id":"https:\/\/www.tufiesta.com.uy\/blog\/cumplis-15-en-verano-cuando-festejar-y-que-opciones-tenes#primaryimage"},"thumbnailUrl":"https:\/\/www.tufiesta.com.uy\/blog\/wp-content\/uploads\/2024\/11\/portada-cumplis-en-verano-cuando-festejar-y-que-opciones-tenes.jpg","keywords":["cumplea\u00f1os de 15","tips para quincea\u00f1eras"],"articleSection":["Cumplea\u00f1os de 15"],"inLanguage":"es","potentialAction":[{"@type":"CommentAction","name":"Comment","target":["https:\/\/www.tufiesta.com.uy\/blog\/cumplis-15-en-verano-cuando-festejar-y-que-opciones-tenes#respond"]}]},{"@type":"Person","@id":"https:\/\/www.tufiesta.com.uy\/blog\/#\/schema\/person\/5bde7fa0e9a5dc00eb321646f0fd92d5","name":"info","image":{"@type":"ImageObject","@id":"https:\/\/www.tufiesta.com.uy\/blog\/#personlogo","inLanguage":"es","url":"https:\/\/secure.gravatar.com\/avatar\/5fcfbfc2652d40d4580bc7c199c13f55?s=96&d=mm&r=g","contentUrl":"https:\/\/secure.gravatar.com\/avatar\/5fcfbfc2652d40d4580bc7c199c13f55?s=96&d=mm&r=g","caption":"info"}},{"@type":"Question","@id":"https:\/\/www.tufiesta.com.uy\/blog\/cumplis-15-en-verano-cuando-festejar-y-que-opciones-tenes#faq-question-1730923645455","position":1,"url":"https:\/\/www.tufiesta.com.uy\/blog\/cumplis-15-en-verano-cuando-festejar-y-que-opciones-tenes#faq-question-1730923645455","name":"\u00bfC\u00f3mo festejar un cumple en verano?","answerCount":1,"acceptedAnswer":{"@type":"Answer","text":"Las fiestas en verano te permiten aprovechar tem\u00e1ticas frescas y al aire libre. Pod\u00e9s organizar una fiesta en la playa, una pool party o un picnic tem\u00e1tico.","inLanguage":"es"},"inLanguage":"es"},{"@type":"Question","@id":"https:\/\/www.tufiesta.com.uy\/blog\/cumplis-15-en-verano-cuando-festejar-y-que-opciones-tenes#faq-question-1730923669817","position":2,"url":"https:\/\/www.tufiesta.com.uy\/blog\/cumplis-15-en-verano-cuando-festejar-y-que-opciones-tenes#faq-question-1730923669817","name":"\u00bfQu\u00e9 tem\u00e1ticas de XV hay para el verano?","answerCount":1,"acceptedAnswer":{"@type":"Answer","text":"Algunas opciones populares incluyen fiesta en la playa, fiesta en la piscina, y eventos al atardecer en quintas o jardines.","inLanguage":"es"},"inLanguage":"es"},{"@type":"Question","@id":"https:\/\/www.tufiesta.com.uy\/blog\/cumplis-15-en-verano-cuando-festejar-y-que-opciones-tenes#faq-question-1730923684494","position":3,"url":"https:\/\/www.tufiesta.com.uy\/blog\/cumplis-15-en-verano-cuando-festejar-y-que-opciones-tenes#faq-question-1730923684494","name":"\u00bfC\u00f3mo puedo festejar mis 15 a\u00f1os sin fiesta?","answerCount":1,"acceptedAnswer":{"@type":"Answer","text":"Pod\u00e9s hacer una escapada con amigos, organizar una cena \u00edntima o hacer una sesi\u00f3n de fotos especial para recordar este momento sin necesidad de un evento formal.","inLanguage":"es"},"inLanguage":"es"},{"@type":"Question","@id":"https:\/\/www.tufiesta.com.uy\/blog\/cumplis-15-en-verano-cuando-festejar-y-que-opciones-tenes#faq-question-1730923700926","position":4,"url":"https:\/\/www.tufiesta.com.uy\/blog\/cumplis-15-en-verano-cuando-festejar-y-que-opciones-tenes#faq-question-1730923700926","name":"\u00bfC\u00f3mo elegir el vestido de 15?","answerCount":1,"acceptedAnswer":{"@type":"Answer","text":"Elegir el vestido perfecto es un momento especial. Mir\u00e1 nuestro art\u00edculo \"<a href=\"https:\/\/www.tufiesta.com.uy\/blog\/como-elegir-el-vestido-de-15\">\u00bfC\u00f3mo elegir el vestido de 15?<\/a>\" para obtener consejos que te ayuden a encontrar el vestido que mejor refleje tu personalidad.","inLanguage":"es"},"inLanguage":"es"}]}},"_links":{"self":[{"href":"https:\/\/www.tufiesta.com.uy\/blog\/wp-json\/wp\/v2\/posts\/7555"}],"collection":[{"href":"https:\/\/www.tufiesta.com.uy\/blog\/wp-json\/wp\/v2\/posts"}],"about":[{"href":"https:\/\/www.tufiesta.com.uy\/blog\/wp-json\/wp\/v2\/types\/post"}],"author":[{"embeddable":true,"href":"https:\/\/www.tufiesta.com.uy\/blog\/wp-json\/wp\/v2\/users\/4"}],"replies":[{"embeddable":true,"href":"https:\/\/www.tufiesta.com.uy\/blog\/wp-json\/wp\/v2\/comments?post=7555"}],"version-history":[{"count":2,"href":"https:\/\/www.tufiesta.com.uy\/blog\/wp-json\/wp\/v2\/posts\/7555\/revisions"}],"predecessor-version":[{"id":7560,"href":"https:\/\/www.tufiesta.com.uy\/blog\/wp-json\/wp\/v2\/posts\/7555\/revisions\/7560"}],"wp:featuredmedia":[{"embeddable":true,"href":"https:\/\/www.tufiesta.com.uy\/blog\/wp-json\/wp\/v2\/media\/7561"}],"wp:attachment":[{"href":"https:\/\/www.tufiesta.com.uy\/blog\/wp-json\/wp\/v2\/media?parent=7555"}],"wp:term":[{"taxonomy":"category","embeddable":true,"href":"https:\/\/www.tufiesta.com.uy\/blog\/wp-json\/wp\/v2\/categories?post=7555"},{"taxonomy":"post_tag","embeddable":true,"href":"https:\/\/www.tufiesta.com.uy\/blog\/wp-json\/wp\/v2\/tags?post=7555"}],"curies":[{"name":"wp","href":"https:\/\/api.w.org\/{rel}","templated":true}]}}