{"id":6108,"date":"2023-10-25T17:23:31","date_gmt":"2023-10-25T17:23:31","guid":{"rendered":"https:\/\/www.tufiesta.com.uy\/blog\/?p=6108"},"modified":"2024-10-18T16:03:15","modified_gmt":"2024-10-18T16:03:15","slug":"fiesta-de-graduacion-organizarse-es-la-clave","status":"publish","type":"post","link":"https:\/\/www.tufiesta.com.uy\/blog\/fiesta-de-graduacion-organizarse-es-la-clave","title":{"rendered":"Fiesta de Graduaci\u00f3n: organizarse es la clave"},"content":{"rendered":"\n<p>La graduaci\u00f3n de la escuela primaria es un evento emocionante en la vida de los ni\u00f1os y sus familias. En Uruguay, como en muchos otros lugares, <strong>la fiesta de graduaci\u00f3n<\/strong> se ha convertido en una tradici\u00f3n que marca un hito importante. Se\u00f1ala el fin de una etapa, y el festejo de los logros obtenidos. En definitiva, es un paso m\u00e1s hacia el portal de la adolescencia. <\/p>\n\n\n\n<p>Pero, \u00bfc\u00f3mo asegurarme de que la fiesta de mi hijo y sus compa\u00f1eros ser\u00e1 un \u00e9xito? Aqu\u00ed te presentamos algunos consejos para <a href=\"https:\/\/www.tufiesta.com.uy\/fiestas-infantiles\" target=\"_blank\" rel=\"noreferrer noopener\">organizar una fiesta de graduaci\u00f3n<\/a> que permanezca en la memoria de los chicos y chicas para siempre.<\/p>\n\n\n<style id=\"kt-blocks_01b632-91\">#kt-adv-heading_01b632-91, #kt-adv-heading_01b632-91 .wp-block-kadence-advancedheading, .wp-block-kadence-advancedheading.kt-adv-heading_01b632-91[data-kb-block=\"kb-adv-heading_01b632-91\"], .kadence-advanced-heading-wrapper .kt-adv-heading_01b632-91[data-kb-block=\"kb-adv-heading_01b632-91\"]{font-weight:inherit;font-family:-apple-system,BlinkMacSystemFont,\"Segoe UI\",Roboto,Oxygen-Sans,Ubuntu,Cantarell,\"Helvetica Neue\",sans-serif, \"Apple Color Emoji\", \"Segoe UI Emoji\", \"Segoe UI Symbol\";}<\/style>\n<h2 class=\"kt-adv-heading_01b632-91 wp-block-kadence-advancedheading has-theme-palette-2-color has-text-color\" data-kb-block=\"kb-adv-heading_01b632-91\"><strong>Organizarse para no estresarse<\/strong><\/h2>\n\n\n\n<p>Uno de los puntos principales de todo evento, es saber con cu\u00e1nto dinero contamos para la realizaci\u00f3n del mismo. En este caso, lo mejor es organizar reuniones de madres y padres, para que juntos determinen el monto destinado a la fiesta de graduaci\u00f3n. <\/p>\n\n\n\n<p>En esta reuni\u00f3n deber\u00e1n tener en cuenta los gastos de <a href=\"https:\/\/www.tufiesta.com.uy\/fiestas-infantiles\/salones-infantiles\" target=\"_blank\" rel=\"noreferrer noopener\">alquiler de sal\u00f3n<\/a>, <a href=\"https:\/\/www.tufiesta.com.uy\/fiestas-infantiles\/catering-gastronomia\" target=\"_blank\" rel=\"noreferrer noopener\">comida<\/a>, <a href=\"https:\/\/www.tufiesta.com.uy\/fiestas-infantiles\/catering-bebidas?&amp;fiestas-infantiles\">bebida<\/a>, <a href=\"https:\/\/www.tufiesta.com.uy\/fiestas-infantiles\/decoracion-infantil\" target=\"_blank\" rel=\"noreferrer noopener\">decoraci\u00f3n<\/a> y <a href=\"https:\/\/www.tufiesta.com.uy\/fiestas-infantiles\/animaciones-para-chicos\" target=\"_blank\" rel=\"noreferrer noopener\">entretenimiento<\/a>. No te olvides de incluir un margen para imprevistos.<\/p>\n\n\n\n<div class=\"wp-block-kadence-image kb-image_885afc-eb\"><figure class=\"aligncenter size-full\"><img loading=\"lazy\" width=\"600\" height=\"400\" src=\"https:\/\/www.tufiesta.com.uy\/blog\/wp-content\/uploads\/2023\/10\/Presupuesto-fiesta-de-graduacion.png\" alt=\"Presupuesto para fiesta de graduaci\u00f3n\" class=\"kb-img wp-image-6145\" title=\"ahorro para fiesta de graduaci\u00f3n\" srcset=\"https:\/\/www.tufiesta.com.uy\/blog\/wp-content\/uploads\/2023\/10\/Presupuesto-fiesta-de-graduacion.png 600w, https:\/\/www.tufiesta.com.uy\/blog\/wp-content\/uploads\/2023\/10\/Presupuesto-fiesta-de-graduacion-300x200.png 300w\" sizes=\"(max-width: 600px) 100vw, 600px\" \/><figcaption>Determinar el presupuesto grupal, es fundamental<\/figcaption><\/figure><\/div>\n\n\n\n<p>Esto es fundamental para empezar a planificar con base en un n\u00famero real. Porque, como siempre les decimos, todos pueden festejar, ya sea gastando m\u00e1s o menos.<\/p>\n\n\n\n<p>Si la idea es gastar lo menos posible, organicen grupos que se ocupen de cada tema y hagan ustedes mismos la mayor\u00eda de las cosas.&nbsp;<\/p>\n\n\n<style id=\"kt-blocks_c2e2d9-f7\">#kt-adv-heading_c2e2d9-f7, #kt-adv-heading_c2e2d9-f7 .wp-block-kadence-advancedheading, .wp-block-kadence-advancedheading.kt-adv-heading_c2e2d9-f7[data-kb-block=\"kb-adv-heading_c2e2d9-f7\"], .kadence-advanced-heading-wrapper .kt-adv-heading_c2e2d9-f7[data-kb-block=\"kb-adv-heading_c2e2d9-f7\"]{font-weight:inherit;font-family:-apple-system,BlinkMacSystemFont,\"Segoe UI\",Roboto,Oxygen-Sans,Ubuntu,Cantarell,\"Helvetica Neue\",sans-serif, \"Apple Color Emoji\", \"Segoe UI Emoji\", \"Segoe UI Symbol\";}<\/style>\n<h2 class=\"kt-adv-heading_c2e2d9-f7 wp-block-kadence-advancedheading has-theme-palette-2-color has-text-color\" data-kb-block=\"kb-adv-heading_c2e2d9-f7\"><strong>\u00bfD\u00f3nde realizar la fiesta de graduaci\u00f3n de primaria?<\/strong><\/h2>\n\n\n\n<p>Una vez repartidas las actividades y con el presupuesto en mano, es hora de buscar el lugar adecuado. <\/p>\n\n\n\n<p>Si lo recaudado se los permite, pueden optar por un <a href=\"https:\/\/www.tufiesta.com.uy\/fiestas-infantiles\/salones-infantiles\" target=\"_blank\" rel=\"noreferrer noopener\">sal\u00f3n<\/a> o <a href=\"https:\/\/www.tufiesta.com.uy\/fiestas-y-eventos\/chacras\" target=\"_blank\" rel=\"noreferrer noopener\">chacra<\/a> lo suficientemente grande para acomodar a todos los invitados y contar con las instalaciones necesarias, como ba\u00f1os y cocina.<\/p>\n\n\n\n<div class=\"wp-block-kadence-image kb-image_1921ee-f6\"><figure class=\"aligncenter size-full\"><img loading=\"lazy\" width=\"600\" height=\"400\" src=\"https:\/\/www.tufiesta.com.uy\/blog\/wp-content\/uploads\/2023\/10\/fiesta-de-graduacion-chicas.png\" alt=\"Chicas en su fiesta de graduaci\u00f3n\" class=\"kb-img wp-image-6152\" title=\"Adolescentes en su fiesta de graduaci\u00f3n\" srcset=\"https:\/\/www.tufiesta.com.uy\/blog\/wp-content\/uploads\/2023\/10\/fiesta-de-graduacion-chicas.png 600w, https:\/\/www.tufiesta.com.uy\/blog\/wp-content\/uploads\/2023\/10\/fiesta-de-graduacion-chicas-300x200.png 300w\" sizes=\"(max-width: 600px) 100vw, 600px\" \/><figcaption>Salones, chacras, clubes o jardines, sirven para organizar la fiesta de graduaci\u00f3n<\/figcaption><\/figure><\/div>\n\n\n\n<p>Adem\u00e1s, aseg\u00farense de que est\u00e9 bien ubicado y tenga suficiente estacionamiento. Existen <a href=\"https:\/\/www.tufiesta.com.uy\/fiestas-y-eventos\/chacras\">chacras<\/a> que ofrecen diversas atracciones para que los chicos y sus familias tengan una celebraci\u00f3n genial.<\/p>\n\n\n\n<p>Es primordial consultar con la instituci\u00f3n acad\u00e9mica, ya que algunas permiten efectuar la fiesta en sus instalaciones. Lo cual, ya reducir\u00eda bastante el costo del evento. Otras opciones pueden ser, el jard\u00edn de una casa o un club.<\/p>\n\n\n<style id=\"kt-blocks_f2bc8a-c4\">#kt-adv-heading_f2bc8a-c4, #kt-adv-heading_f2bc8a-c4 .wp-block-kadence-advancedheading, .wp-block-kadence-advancedheading.kt-adv-heading_f2bc8a-c4[data-kb-block=\"kb-adv-heading_f2bc8a-c4\"], .kadence-advanced-heading-wrapper .kt-adv-heading_f2bc8a-c4[data-kb-block=\"kb-adv-heading_f2bc8a-c4\"]{font-weight:inherit;font-family:-apple-system,BlinkMacSystemFont,\"Segoe UI\",Roboto,Oxygen-Sans,Ubuntu,Cantarell,\"Helvetica Neue\",sans-serif, \"Apple Color Emoji\", \"Segoe UI Emoji\", \"Segoe UI Symbol\";}<\/style>\n<h2 class=\"kt-adv-heading_f2bc8a-c4 wp-block-kadence-advancedheading has-theme-palette-2-color has-text-color\" data-kb-block=\"kb-adv-heading_f2bc8a-c4\"><strong>\u00bfC\u00f3mo planificar la comida y la bebida?<\/strong><\/h2>\n\n\n\n<p>La comida es otro aspecto importante de cualquier fiesta de graduaci\u00f3n. Pueden optar por un <a href=\"https:\/\/www.tufiesta.com.uy\/fiestas-infantiles\/catering-gastronomia\" target=\"_blank\" rel=\"noreferrer noopener\">servicio de catering<\/a>, <a href=\"https:\/\/www.tufiesta.com.uy\/fiestas-infantiles\/pizzas-parrilla\" target=\"_blank\" rel=\"noreferrer noopener\">pizzas a la parrilla<\/a> o preparar la comida ustedes mismos. Si eligen la segunda o tercera opci\u00f3n, aseg\u00farense de organizar cuantas personas se ocupar\u00e1n de esa tarea para no sobrecargar de trabajo a nadie. Consideren ofrecer opciones saludables y atractivas para los ni\u00f1os, como mini sandwiches, <a href=\"https:\/\/www.tufiesta.com.uy\/fiestas-infantiles\/cupcakes-cookies-popcakes\" target=\"_blank\" rel=\"noreferrer noopener\">cupcakes<\/a>, frutas y snacks.<\/p>\n\n\n\n<div class=\"wp-block-kadence-image kb-image_87c91c-55\"><figure class=\"aligncenter size-full\"><img loading=\"lazy\" width=\"600\" height=\"400\" src=\"https:\/\/www.tufiesta.com.uy\/blog\/wp-content\/uploads\/2023\/10\/Cupcakes-graduacion.png\" alt=\"Cupacakes para la graduacion\" class=\"kb-img wp-image-6153\" title=\"Cupcakes tem\u00e1tica graduaci\u00f3n\" srcset=\"https:\/\/www.tufiesta.com.uy\/blog\/wp-content\/uploads\/2023\/10\/Cupcakes-graduacion.png 600w, https:\/\/www.tufiesta.com.uy\/blog\/wp-content\/uploads\/2023\/10\/Cupcakes-graduacion-300x200.png 300w\" sizes=\"(max-width: 600px) 100vw, 600px\" \/><figcaption>Cupcakes decorados<\/figcaption><\/figure><\/div>\n\n\n\n<p>Como en toda fiesta, la bebida es un elemento clave. Aseg\u00farense de tener suficiente cantidad de bebidas como agua, jugo y gaseosas, para mantener a los ni\u00f1os y sus invitados hidratados durante toda la fiesta.&nbsp;<\/p>\n\n\n<style id=\"kt-blocks_bbc51f-6d\">#kt-adv-heading_bbc51f-6d, #kt-adv-heading_bbc51f-6d .wp-block-kadence-advancedheading, .wp-block-kadence-advancedheading.kt-adv-heading_bbc51f-6d[data-kb-block=\"kb-adv-heading_bbc51f-6d\"], .kadence-advanced-heading-wrapper .kt-adv-heading_bbc51f-6d[data-kb-block=\"kb-adv-heading_bbc51f-6d\"]{font-weight:inherit;font-family:-apple-system,BlinkMacSystemFont,\"Segoe UI\",Roboto,Oxygen-Sans,Ubuntu,Cantarell,\"Helvetica Neue\",sans-serif, \"Apple Color Emoji\", \"Segoe UI Emoji\", \"Segoe UI Symbol\";}<\/style>\n<h2 class=\"kt-adv-heading_bbc51f-6d wp-block-kadence-advancedheading has-theme-palette-2-color has-text-color\" data-kb-block=\"kb-adv-heading_bbc51f-6d\"><strong>Decorando la fiesta de graduaci\u00f3n<\/strong><\/h2>\n\n\n\n<p>Es hora de poner la creatividad en funcionamiento para armar la <a href=\"https:\/\/www.tufiesta.com.uy\/fiestas-infantiles\/decoracion-infantil\" target=\"_blank\" rel=\"noreferrer noopener\">decoraci\u00f3n<\/a>. Lo ideal es elegir un color que refleje la personalidad de la promoci\u00f3n y ambientar el sal\u00f3n de acuerdo a ello. Te recomendamos utilizar globos, luces, guirnaldas o estrellas, como as\u00ed tambi\u00e9n, pompones de papel. No te olvides de los centros de mesa, y  mucho<a href=\"https:\/\/www.tufiesta.com.uy\/fiestas-infantiles\/cotillon\" target=\"_blank\" rel=\"noreferrer noopener\"> cotill\u00f3n<\/a>. Todos estos y cualquier otro elemento creativo que los ayude a crear un ambiente festivo.<\/p>\n\n\n\n<p>Para la entrada de la fiesta de graduaci\u00f3n, una excelente opci\u00f3n es tener un cuadro con la foto de todos los estudiantes que egresan y birretes de cartulina pegados encima, si es que no se sacaron fotos con los birretes con anterioridad.<\/p>\n\n\n\n<p>Tambi\u00e9n les divierte mucho a los chicos, tener cartelitos, props para las selfies con frases como \u201c\u00a1Lo logr\u00e9!\u201d, \u201cGraduado\u201d, \u201cChau primaria. Hola secundaria\u201d y algunos con emoticones, anteojos, y, por supuesto, muchos birretes. \u00a1Este tipo de <a href=\"https:\/\/www.tufiesta.com.uy\/fiestas-infantiles\/cotillon\" target=\"_blank\" rel=\"noreferrer noopener\">cotill\u00f3n<\/a> les va a encantar!<\/p>\n\n\n<style id=\"kt-blocks_56f691-d0\">#kt-layout-id_56f691-d0 > .kt-row-column-wrap{padding-top:0px;padding-bottom:0px;}<\/style>\n<div class=\"wp-block-kadence-rowlayout alignnone\"><div id=\"kt-layout-id_56f691-d0\" class=\"kt-row-layout-inner kt-layout-id_56f691-d0\"><div class=\"kt-row-column-wrap kt-has-2-columns kt-gutter-skinny kt-v-gutter-default kt-row-valign-top kt-row-layout-equal kt-tab-layout-inherit kt-m-colapse-left-to-right kt-mobile-layout-row\">\n<div class=\"wp-block-kadence-column inner-column-1 kadence-column_5137a8-a9\"><div class=\"kt-inside-inner-col\">\n<div class=\"wp-block-kadence-image kb-image_581e0f-83\"><figure class=\"aligncenter size-full\"><img loading=\"lazy\" width=\"600\" height=\"400\" src=\"https:\/\/www.tufiesta.com.uy\/blog\/wp-content\/uploads\/2023\/10\/Cartelitos-graduados.png\" alt=\"Props tem\u00e1tica graduaci\u00f3n\" class=\"kb-img wp-image-6159\" title=\"Props para graduaci\u00f3n\" srcset=\"https:\/\/www.tufiesta.com.uy\/blog\/wp-content\/uploads\/2023\/10\/Cartelitos-graduados.png 600w, https:\/\/www.tufiesta.com.uy\/blog\/wp-content\/uploads\/2023\/10\/Cartelitos-graduados-300x200.png 300w\" sizes=\"(max-width: 600px) 100vw, 600px\" \/><figcaption>Cartelitos para las selfies y fotos grupales<\/figcaption><\/figure><\/div>\n<\/div><\/div>\n\n\n\n<div class=\"wp-block-kadence-column inner-column-2 kadence-column_60d589-9c\"><div class=\"kt-inside-inner-col\">\n<div class=\"wp-block-kadence-image kb-image_de0abc-d3\"><figure class=\"aligncenter size-full\"><img loading=\"lazy\" width=\"600\" height=\"400\" src=\"https:\/\/www.tufiesta.com.uy\/blog\/wp-content\/uploads\/2023\/10\/Cuadro-foto-egresado.png\" alt=\"Marco de fotos para graduaci\u00f3n\" class=\"kb-img wp-image-6156\" title=\"Marco de fotos para graduaci\u00f3n\" srcset=\"https:\/\/www.tufiesta.com.uy\/blog\/wp-content\/uploads\/2023\/10\/Cuadro-foto-egresado.png 600w, https:\/\/www.tufiesta.com.uy\/blog\/wp-content\/uploads\/2023\/10\/Cuadro-foto-egresado-300x200.png 300w\" sizes=\"(max-width: 600px) 100vw, 600px\" \/><figcaption>Cuadro de egresados, ideal para sacarse las fotos de recuerdo<\/figcaption><\/figure><\/div>\n<\/div><\/div>\n<\/div><\/div><\/div>\n\n\n\n<p>Hoy en d\u00eda se emplea mucho el cuadro que diga Graduado con el a\u00f1o en curso, para que los chicos se saquen fotos.<\/p>\n\n\n<style id=\"kt-blocks_276033-7c\">#kt-adv-heading_276033-7c, #kt-adv-heading_276033-7c .wp-block-kadence-advancedheading, .wp-block-kadence-advancedheading.kt-adv-heading_276033-7c[data-kb-block=\"kb-adv-heading_276033-7c\"], .kadence-advanced-heading-wrapper .kt-adv-heading_276033-7c[data-kb-block=\"kb-adv-heading_276033-7c\"]{font-weight:inherit;font-family:-apple-system,BlinkMacSystemFont,\"Segoe UI\",Roboto,Oxygen-Sans,Ubuntu,Cantarell,\"Helvetica Neue\",sans-serif, \"Apple Color Emoji\", \"Segoe UI Emoji\", \"Segoe UI Symbol\";}<\/style>\n<h2 class=\"kt-adv-heading_276033-7c wp-block-kadence-advancedheading has-theme-palette-2-color has-text-color\" data-kb-block=\"kb-adv-heading_276033-7c\"><strong>La hora de la diversi\u00f3n<\/strong><\/h2>\n\n\n\n<p>No podemos dejar de lado el entretenimiento, parte fundamental de toda fiesta de graduaci\u00f3n, y clave para asegurar que los ni\u00f1os, sus familias e invitados pasen una velada divertida. <\/p>\n\n\n\n<p>La <a href=\"https:\/\/www.tufiesta.com.uy\/fiestas-infantiles\/matinees\" target=\"_blank\" rel=\"noreferrer noopener\">Matin\u00e9e<\/a> es una de las opciones preferidas de los preadolescentes. Una opci\u00f3n es contratar un sal\u00f3n que tenga experiencia en la organizaci\u00f3n de Matin\u00e9e. Si desean encargarse ustedes mismos de la organizaci\u00f3n, pueden contratar un <a href=\"https:\/\/www.tufiesta.com.uy\/fiestas-y-eventos\/discotecas\" target=\"_blank\" rel=\"noreferrer noopener\">DJ<\/a>, servicio de <a href=\"https:\/\/www.tufiesta.com.uy\/fiestas-infantiles\/karaoke\" target=\"_blank\" rel=\"noreferrer noopener\">Karaoke o Rokolas<\/a> o una <a href=\"https:\/\/www.tufiesta.com.uy\/fiestas-y-eventos\/musica-fiestas\" target=\"_blank\" rel=\"noreferrer noopener\">banda para que ponga m\u00fasica<\/a> y anime la fiesta. Un rinc\u00f3n decorado como <a href=\"https:\/\/www.tufiesta.com.uy\/fiestas-infantiles\/pistas-led\">pista de baile con luces<\/a>, resultar\u00e1 un \u00e9xito. Un robot led, puede ser un complemento ideal para que haga una <a href=\"https:\/\/www.tufiesta.com.uy\/fiestas-y-eventos\/recepcion-invitados\" target=\"_blank\" rel=\"noreferrer noopener\">entrada triunfal<\/a> en medio de la pista de baile. \u00a1Los preadolescentes enloquecer\u00e1n! <\/p>\n\n\n\n<div class=\"wp-block-kadence-image kb-image_a335d5-67\"><figure class=\"aligncenter size-full\"><img loading=\"lazy\" width=\"600\" height=\"400\" src=\"https:\/\/www.tufiesta.com.uy\/blog\/wp-content\/uploads\/2023\/10\/pista-de-baile-1.png\" alt=\"Pista de baile graduaci\u00f3n\" class=\"kb-img wp-image-6150\" title=\"Fiesta de graduaci\u00f3n\" srcset=\"https:\/\/www.tufiesta.com.uy\/blog\/wp-content\/uploads\/2023\/10\/pista-de-baile-1.png 600w, https:\/\/www.tufiesta.com.uy\/blog\/wp-content\/uploads\/2023\/10\/pista-de-baile-1-300x200.png 300w\" sizes=\"(max-width: 600px) 100vw, 600px\" \/><figcaption>Pista de baile, luces, DJ, son el alma de la fiesta de graduaci\u00f3n<\/figcaption><\/figure><\/div>\n\n\n\n<p>Tambi\u00e9n pueden incluir un photobooth, <a href=\"https:\/\/www.tufiesta.com.uy\/fiestas-infantiles\/cabina-fotos\" target=\"_blank\" rel=\"noreferrer noopener\">cabina de fotos, plataformas 360<\/a>,  <a href=\"https:\/\/www.tufiesta.com.uy\/fiestas-infantiles\/animaciones-para-chicos\" target=\"_blank\" rel=\"noreferrer noopener\">juegos<\/a> o premios para mantener a los chicos y chicas entretenidos durante toda la celebraci\u00f3n.<\/p>\n\n\n\n<div class=\"wp-block-kadence-image kb-image_b6c85f-50\"><figure class=\"aligncenter size-full\"><img loading=\"lazy\" width=\"600\" height=\"400\" src=\"https:\/\/www.tufiesta.com.uy\/blog\/wp-content\/uploads\/2023\/10\/Cabina-360.png\" alt=\"cabina de fotos 360\" class=\"kb-img wp-image-6161\" title=\"Plataforma 360\" srcset=\"https:\/\/www.tufiesta.com.uy\/blog\/wp-content\/uploads\/2023\/10\/Cabina-360.png 600w, https:\/\/www.tufiesta.com.uy\/blog\/wp-content\/uploads\/2023\/10\/Cabina-360-300x200.png 300w\" sizes=\"(max-width: 600px) 100vw, 600px\" \/><figcaption>Las cabinas 360, son un complemento sensacional y entretenido<\/figcaption><\/figure><\/div>\n\n\n<style id=\"kt-blocks_140d1a-5f\">#kt-adv-heading_140d1a-5f, #kt-adv-heading_140d1a-5f .wp-block-kadence-advancedheading, .wp-block-kadence-advancedheading.kt-adv-heading_140d1a-5f[data-kb-block=\"kb-adv-heading_140d1a-5f\"], .kadence-advanced-heading-wrapper .kt-adv-heading_140d1a-5f[data-kb-block=\"kb-adv-heading_140d1a-5f\"]{font-weight:inherit;font-family:-apple-system,BlinkMacSystemFont,\"Segoe UI\",Roboto,Oxygen-Sans,Ubuntu,Cantarell,\"Helvetica Neue\",sans-serif, \"Apple Color Emoji\", \"Segoe UI Emoji\", \"Segoe UI Symbol\";}<\/style>\n<h2 class=\"kt-adv-heading_140d1a-5f wp-block-kadence-advancedheading has-theme-palette-2-color has-text-color\" data-kb-block=\"kb-adv-heading_140d1a-5f\"><strong>Invitaciones<\/strong> <strong>con tiempo<\/strong><\/h2>\n\n\n\n<p>Por \u00faltimo, no te olvides de enviar las <a href=\"https:\/\/www.tufiesta.com.uy\/fiestas-infantiles\/invitaciones-fiestas\">invitaciones<\/a> con suficiente anticipaci\u00f3n. Estas pueden ser digitales o en papel, hechas por los mismos graduados. Aseg\u00farense de incluir todos los detalles necesarios, como la fecha, hora, lugar y cualquier instrucci\u00f3n adicional. Adem\u00e1s, pueden considerar la opci\u00f3n de crear un evento o grupo en redes sociales para mantener a las familias informadas y entusiasmadas.<\/p>\n\n\n<style id=\"kt-blocks_dbe1a4-e5\">#kt-adv-heading_dbe1a4-e5, #kt-adv-heading_dbe1a4-e5 .wp-block-kadence-advancedheading, .wp-block-kadence-advancedheading.kt-adv-heading_dbe1a4-e5[data-kb-block=\"kb-adv-heading_dbe1a4-e5\"], .kadence-advanced-heading-wrapper .kt-adv-heading_dbe1a4-e5[data-kb-block=\"kb-adv-heading_dbe1a4-e5\"]{font-weight:inherit;font-family:-apple-system,BlinkMacSystemFont,\"Segoe UI\",Roboto,Oxygen-Sans,Ubuntu,Cantarell,\"Helvetica Neue\",sans-serif, \"Apple Color Emoji\", \"Segoe UI Emoji\", \"Segoe UI Symbol\";}<\/style>\n<h2 class=\"kt-adv-heading_dbe1a4-e5 wp-block-kadence-advancedheading has-theme-palette-2-color has-text-color\" data-kb-block=\"kb-adv-heading_dbe1a4-e5\">\u00a1<strong>A disfrutar<\/strong>!<\/h2>\n\n\n\n<p>Sin lugar a dudas, <strong>la fiesta de graduaci\u00f3n puede ser un desaf\u00edo<\/strong>, pero con la planificaci\u00f3n adecuada y estos consejos, pod\u00e9s tener la tranquilidad de que ser\u00e1 un evento perfecto para que los chicos y chicas, vivan la experiencia a pleno. <\/p>\n\n\n\n<p>Con todo organizado, ellos podr\u00e1n disfrutar de un momento memorable con sus compa\u00f1eros de promoci\u00f3n, celebrando el fin de su vida escolar infantil y dando inicio a una nueva etapa de sus vidas. \u00a1Aplausos para los graduados!<\/p>\n\n\n\n<p>Si quer\u00e9s conocer m\u00e1s tips para organizar una fiesta de graduaci\u00f3n, te invitamos a leer este art\u00edculo: <a href=\"https:\/\/www.tufiesta.com.uy\/blog\/hoy-nos-graduamos\/\" target=\"_blank\" rel=\"noreferrer noopener\">TIPS PARA ORGANIZAR TU FIESTA DE GRADUACI\u00d3N O RECIBIMIENTO<\/a>.<\/p>\n\n\n<div class=\"wp-block-kadence-posts kb-posts kb-posts-id-_2dff2f-1d content-wrap grid-cols kb-posts-style-boxed grid-sm-col-2 grid-lg-col-3 item-image-style-above\"><article class=\"entry content-bg loop-entry post-8532 post type-post status-publish format-standard has-post-thumbnail hentry category-fiesta-de-fin-de-ano category-fiestas-y-eventos\">\n\t\t\t<a class=\"post-thumbnail kadence-thumbnail-ratio-2-3\" href=\"https:\/\/www.tufiesta.com.uy\/blog\/colores-de-navidad-2025-segun-tu-signo-y-ritual-para-cerrar-el-ano\">\n\t\t\t<div class=\"post-thumbnail-inner\">\n\t\t\t\t<img width=\"768\" height=\"240\" src=\"https:\/\/www.tufiesta.com.uy\/blog\/wp-content\/uploads\/2025\/12\/colores-2025-segun-signo-768x240.jpg\" class=\"attachment-medium_large size-medium_large wp-post-image\" alt=\"Colores 2025 seg\u00fan tu signo zodiazal\" loading=\"lazy\" srcset=\"https:\/\/www.tufiesta.com.uy\/blog\/wp-content\/uploads\/2025\/12\/colores-2025-segun-signo-768x240.jpg 768w, https:\/\/www.tufiesta.com.uy\/blog\/wp-content\/uploads\/2025\/12\/colores-2025-segun-signo-300x94.jpg 300w, https:\/\/www.tufiesta.com.uy\/blog\/wp-content\/uploads\/2025\/12\/colores-2025-segun-signo-1200x375.jpg 1200w, https:\/\/www.tufiesta.com.uy\/blog\/wp-content\/uploads\/2025\/12\/colores-2025-segun-signo-1536x480.jpg 1536w, https:\/\/www.tufiesta.com.uy\/blog\/wp-content\/uploads\/2025\/12\/colores-2025-segun-signo.jpg 1920w\" sizes=\"(max-width: 768px) 100vw, 768px\" \/>\t\t\t<\/div>\n\t\t<\/a><!-- .post-thumbnail -->\n\t\t\t<div class=\"entry-content-wrap\">\n\t\t<header class=\"entry-header\">\n\t\t<div class=\"entry-taxonomies\">\n\t\t<span class=\"category-links term-links category-style-normal\">\n\t\t\t<a href=\"https:\/\/www.tufiesta.com.uy\/blog\/fiestas-y-eventos\/fiesta-de-fin-de-ano\" rel=\"category tag\">Fin de A\u00f1o<\/a> | <a href=\"https:\/\/www.tufiesta.com.uy\/blog\/fiestas-y-eventos\" rel=\"category tag\">Otras fiestas y eventos<\/a>\t\t<\/span>\n\t<\/div><!-- .entry-taxonomies -->\n\t<h4 class=\"entry-title\"><a href=\"https:\/\/www.tufiesta.com.uy\/blog\/colores-de-navidad-2025-segun-tu-signo-y-ritual-para-cerrar-el-ano\" rel=\"bookmark\">Colores de Navidad 2025 seg\u00fan tu signo y un ritual para cerrar el a\u00f1o<\/a><\/h4><\/header><!-- .entry-header -->\n<footer class=\"entry-footer\">\n\t\t\t<div class=\"entry-actions\">\n\t\t\t<p class=\"more-link-wrap\">\n\t\t\t\t<a href=\"https:\/\/www.tufiesta.com.uy\/blog\/colores-de-navidad-2025-segun-tu-signo-y-ritual-para-cerrar-el-ano\" class=\"post-more-link\">\n\t\t\t\t\tLeer m\u00e1s<span class=\"screen-reader-text\"> Colores de Navidad 2025 seg\u00fan tu signo y un ritual para cerrar el a\u00f1o<\/span><span class=\"kadence-svg-iconset svg-baseline\"><svg aria-hidden=\"true\" class=\"kadence-svg-icon kadence-arrow-right-alt-svg\" fill=\"currentColor\" version=\"1.1\" xmlns=\"http:\/\/www.w3.org\/2000\/svg\" width=\"27\" height=\"28\" viewBox=\"0 0 27 28\"><title>Continuar<\/title><path d=\"M27 13.953c0 0.141-0.063 0.281-0.156 0.375l-6 5.531c-0.156 0.141-0.359 0.172-0.547 0.094-0.172-0.078-0.297-0.25-0.297-0.453v-3.5h-19.5c-0.281 0-0.5-0.219-0.5-0.5v-3c0-0.281 0.219-0.5 0.5-0.5h19.5v-3.5c0-0.203 0.109-0.375 0.297-0.453s0.391-0.047 0.547 0.078l6 5.469c0.094 0.094 0.156 0.219 0.156 0.359v0z\"><\/path>\n\t\t\t<\/svg><\/span>\t\t\t\t<\/a>\n\t\t\t<\/p>\n\t\t<\/div><!-- .entry-actions -->\n\t\t<\/footer><!-- .entry-footer -->\t<\/div>\n<\/article>\n<article class=\"entry content-bg loop-entry post-7520 post type-post status-publish format-standard has-post-thumbnail hentry category-fiesta-de-fin-de-ano category-fiestas-y-eventos tag-preparativos-para-fin-de-ano\">\n\t\t\t<a class=\"post-thumbnail kadence-thumbnail-ratio-2-3\" href=\"https:\/\/www.tufiesta.com.uy\/blog\/despedidas-de-fin-de-ano-en-uruguay-ideas-lugares-y-consejos-para-organizar-la-mejor-fiesta\">\n\t\t\t<div class=\"post-thumbnail-inner\">\n\t\t\t\t<img width=\"768\" height=\"240\" src=\"https:\/\/www.tufiesta.com.uy\/blog\/wp-content\/uploads\/2024\/11\/portada-despedidas-de-anio-ideas-lugares-y-consejos-para-organizar-la-mejor-fiesta-768x240.jpg\" class=\"attachment-medium_large size-medium_large wp-post-image\" alt=\"Despedidas de fin de a\u00f1o 2024\" loading=\"lazy\" srcset=\"https:\/\/www.tufiesta.com.uy\/blog\/wp-content\/uploads\/2024\/11\/portada-despedidas-de-anio-ideas-lugares-y-consejos-para-organizar-la-mejor-fiesta-768x240.jpg 768w, https:\/\/www.tufiesta.com.uy\/blog\/wp-content\/uploads\/2024\/11\/portada-despedidas-de-anio-ideas-lugares-y-consejos-para-organizar-la-mejor-fiesta-300x94.jpg 300w, https:\/\/www.tufiesta.com.uy\/blog\/wp-content\/uploads\/2024\/11\/portada-despedidas-de-anio-ideas-lugares-y-consejos-para-organizar-la-mejor-fiesta-1200x375.jpg 1200w, https:\/\/www.tufiesta.com.uy\/blog\/wp-content\/uploads\/2024\/11\/portada-despedidas-de-anio-ideas-lugares-y-consejos-para-organizar-la-mejor-fiesta-1536x480.jpg 1536w, https:\/\/www.tufiesta.com.uy\/blog\/wp-content\/uploads\/2024\/11\/portada-despedidas-de-anio-ideas-lugares-y-consejos-para-organizar-la-mejor-fiesta.jpg 1920w\" sizes=\"(max-width: 768px) 100vw, 768px\" \/>\t\t\t<\/div>\n\t\t<\/a><!-- .post-thumbnail -->\n\t\t\t<div class=\"entry-content-wrap\">\n\t\t<header class=\"entry-header\">\n\t\t<div class=\"entry-taxonomies\">\n\t\t<span class=\"category-links term-links category-style-normal\">\n\t\t\t<a href=\"https:\/\/www.tufiesta.com.uy\/blog\/fiestas-y-eventos\/fiesta-de-fin-de-ano\" rel=\"category tag\">Fin de A\u00f1o<\/a> | <a href=\"https:\/\/www.tufiesta.com.uy\/blog\/fiestas-y-eventos\" rel=\"category tag\">Otras fiestas y eventos<\/a>\t\t<\/span>\n\t<\/div><!-- .entry-taxonomies -->\n\t<h4 class=\"entry-title\"><a href=\"https:\/\/www.tufiesta.com.uy\/blog\/despedidas-de-fin-de-ano-en-uruguay-ideas-lugares-y-consejos-para-organizar-la-mejor-fiesta\" rel=\"bookmark\">Despedidas de Fin de A\u00f1o en Uruguay: Ideas, lugares y consejos para organizar la mejor fiesta<\/a><\/h4><\/header><!-- .entry-header -->\n<footer class=\"entry-footer\">\n\t\t\t<div class=\"entry-actions\">\n\t\t\t<p class=\"more-link-wrap\">\n\t\t\t\t<a href=\"https:\/\/www.tufiesta.com.uy\/blog\/despedidas-de-fin-de-ano-en-uruguay-ideas-lugares-y-consejos-para-organizar-la-mejor-fiesta\" class=\"post-more-link\">\n\t\t\t\t\tLeer m\u00e1s<span class=\"screen-reader-text\"> Despedidas de Fin de A\u00f1o en Uruguay: Ideas, lugares y consejos para organizar la mejor fiesta<\/span><span class=\"kadence-svg-iconset svg-baseline\"><svg aria-hidden=\"true\" class=\"kadence-svg-icon kadence-arrow-right-alt-svg\" fill=\"currentColor\" version=\"1.1\" xmlns=\"http:\/\/www.w3.org\/2000\/svg\" width=\"27\" height=\"28\" viewBox=\"0 0 27 28\"><title>Continuar<\/title><path d=\"M27 13.953c0 0.141-0.063 0.281-0.156 0.375l-6 5.531c-0.156 0.141-0.359 0.172-0.547 0.094-0.172-0.078-0.297-0.25-0.297-0.453v-3.5h-19.5c-0.281 0-0.5-0.219-0.5-0.5v-3c0-0.281 0.219-0.5 0.5-0.5h19.5v-3.5c0-0.203 0.109-0.375 0.297-0.453s0.391-0.047 0.547 0.078l6 5.469c0.094 0.094 0.156 0.219 0.156 0.359v0z\"><\/path>\n\t\t\t<\/svg><\/span>\t\t\t\t<\/a>\n\t\t\t<\/p>\n\t\t<\/div><!-- .entry-actions -->\n\t\t<\/footer><!-- .entry-footer -->\t<\/div>\n<\/article>\n<article class=\"entry content-bg loop-entry post-4644 post type-post status-publish format-standard has-post-thumbnail hentry category-fiesta-de-fin-de-ano category-fiestas-y-eventos tag-decoracion-de-fin-de-ano tag-horoscopo\">\n\t\t\t<a class=\"post-thumbnail kadence-thumbnail-ratio-2-3\" href=\"https:\/\/www.tufiesta.com.uy\/blog\/en-esta-navidad-limpia-energias-segun-tu-horoscopo\">\n\t\t\t<div class=\"post-thumbnail-inner\">\n\t\t\t\t<img width=\"768\" height=\"240\" src=\"https:\/\/www.tufiesta.com.uy\/blog\/wp-content\/uploads\/2022\/12\/portada-horoscopo-limpiar-energias-768x240.jpg\" class=\"attachment-medium_large size-medium_large wp-post-image\" alt=\"Hor\u00f3scopo 2023\" loading=\"lazy\" srcset=\"https:\/\/www.tufiesta.com.uy\/blog\/wp-content\/uploads\/2022\/12\/portada-horoscopo-limpiar-energias-768x240.jpg 768w, https:\/\/www.tufiesta.com.uy\/blog\/wp-content\/uploads\/2022\/12\/portada-horoscopo-limpiar-energias-300x94.jpg 300w, https:\/\/www.tufiesta.com.uy\/blog\/wp-content\/uploads\/2022\/12\/portada-horoscopo-limpiar-energias-1200x375.jpg 1200w, https:\/\/www.tufiesta.com.uy\/blog\/wp-content\/uploads\/2022\/12\/portada-horoscopo-limpiar-energias-1536x480.jpg 1536w, https:\/\/www.tufiesta.com.uy\/blog\/wp-content\/uploads\/2022\/12\/portada-horoscopo-limpiar-energias.jpg 1920w\" sizes=\"(max-width: 768px) 100vw, 768px\" \/>\t\t\t<\/div>\n\t\t<\/a><!-- .post-thumbnail -->\n\t\t\t<div class=\"entry-content-wrap\">\n\t\t<header class=\"entry-header\">\n\t\t<div class=\"entry-taxonomies\">\n\t\t<span class=\"category-links term-links category-style-normal\">\n\t\t\t<a href=\"https:\/\/www.tufiesta.com.uy\/blog\/fiestas-y-eventos\/fiesta-de-fin-de-ano\" rel=\"category tag\">Fin de A\u00f1o<\/a> | <a href=\"https:\/\/www.tufiesta.com.uy\/blog\/fiestas-y-eventos\" rel=\"category tag\">Otras fiestas y eventos<\/a>\t\t<\/span>\n\t<\/div><!-- .entry-taxonomies -->\n\t<h4 class=\"entry-title\"><a href=\"https:\/\/www.tufiesta.com.uy\/blog\/en-esta-navidad-limpia-energias-segun-tu-horoscopo\" rel=\"bookmark\">En Navidad limpi\u00e1 energ\u00edas seg\u00fan tu hor\u00f3scopo<\/a><\/h4><\/header><!-- .entry-header -->\n<footer class=\"entry-footer\">\n\t\t\t<div class=\"entry-actions\">\n\t\t\t<p class=\"more-link-wrap\">\n\t\t\t\t<a href=\"https:\/\/www.tufiesta.com.uy\/blog\/en-esta-navidad-limpia-energias-segun-tu-horoscopo\" class=\"post-more-link\">\n\t\t\t\t\tLeer m\u00e1s<span class=\"screen-reader-text\"> En Navidad limpi\u00e1 energ\u00edas seg\u00fan tu hor\u00f3scopo<\/span><span class=\"kadence-svg-iconset svg-baseline\"><svg aria-hidden=\"true\" class=\"kadence-svg-icon kadence-arrow-right-alt-svg\" fill=\"currentColor\" version=\"1.1\" xmlns=\"http:\/\/www.w3.org\/2000\/svg\" width=\"27\" height=\"28\" viewBox=\"0 0 27 28\"><title>Continuar<\/title><path d=\"M27 13.953c0 0.141-0.063 0.281-0.156 0.375l-6 5.531c-0.156 0.141-0.359 0.172-0.547 0.094-0.172-0.078-0.297-0.25-0.297-0.453v-3.5h-19.5c-0.281 0-0.5-0.219-0.5-0.5v-3c0-0.281 0.219-0.5 0.5-0.5h19.5v-3.5c0-0.203 0.109-0.375 0.297-0.453s0.391-0.047 0.547 0.078l6 5.469c0.094 0.094 0.156 0.219 0.156 0.359v0z\"><\/path>\n\t\t\t<\/svg><\/span>\t\t\t\t<\/a>\n\t\t\t<\/p>\n\t\t<\/div><!-- .entry-actions -->\n\t\t<\/footer><!-- .entry-footer -->\t<\/div>\n<\/article>\n<article class=\"entry content-bg loop-entry post-1494 post type-post status-publish format-standard has-post-thumbnail hentry category-fiesta-de-fin-de-ano category-fiestas-y-eventos tag-adornos-de-navidad tag-arbol-de-navidad tag-festejos-de-navidad tag-preparativos-para-fin-de-ano tag-preparativos-para-navidad tag-regalos-de-navidad\">\n\t\t\t<a class=\"post-thumbnail kadence-thumbnail-ratio-2-3\" href=\"https:\/\/www.tufiesta.com.uy\/blog\/como-hacer-adornos-de-navidad\">\n\t\t\t<div class=\"post-thumbnail-inner\">\n\t\t\t\t<img width=\"768\" height=\"256\" src=\"https:\/\/www.tufiesta.com.uy\/blog\/wp-content\/uploads\/2019\/11\/portaga-guirnalda-navidenia-768x256.jpg\" class=\"attachment-medium_large size-medium_large wp-post-image\" alt=\"Guirnalda navide\u00f1a\" loading=\"lazy\" srcset=\"https:\/\/www.tufiesta.com.uy\/blog\/wp-content\/uploads\/2019\/11\/portaga-guirnalda-navidenia-768x256.jpg 768w, https:\/\/www.tufiesta.com.uy\/blog\/wp-content\/uploads\/2019\/11\/portaga-guirnalda-navidenia-300x100.jpg 300w, https:\/\/www.tufiesta.com.uy\/blog\/wp-content\/uploads\/2019\/11\/portaga-guirnalda-navidenia.jpg 1200w\" sizes=\"(max-width: 768px) 100vw, 768px\" \/>\t\t\t<\/div>\n\t\t<\/a><!-- .post-thumbnail -->\n\t\t\t<div class=\"entry-content-wrap\">\n\t\t<header class=\"entry-header\">\n\t\t<div class=\"entry-taxonomies\">\n\t\t<span class=\"category-links term-links category-style-normal\">\n\t\t\t<a href=\"https:\/\/www.tufiesta.com.uy\/blog\/fiestas-y-eventos\/fiesta-de-fin-de-ano\" rel=\"category tag\">Fin de A\u00f1o<\/a> | <a href=\"https:\/\/www.tufiesta.com.uy\/blog\/fiestas-y-eventos\" rel=\"category tag\">Otras fiestas y eventos<\/a>\t\t<\/span>\n\t<\/div><!-- .entry-taxonomies -->\n\t<h4 class=\"entry-title\"><a href=\"https:\/\/www.tufiesta.com.uy\/blog\/como-hacer-adornos-de-navidad\" rel=\"bookmark\">\u00bfC\u00f3mo hacer adornos de Navidad?<\/a><\/h4><\/header><!-- .entry-header -->\n<footer class=\"entry-footer\">\n\t\t\t<div class=\"entry-actions\">\n\t\t\t<p class=\"more-link-wrap\">\n\t\t\t\t<a href=\"https:\/\/www.tufiesta.com.uy\/blog\/como-hacer-adornos-de-navidad\" class=\"post-more-link\">\n\t\t\t\t\tLeer m\u00e1s<span class=\"screen-reader-text\"> \u00bfC\u00f3mo hacer adornos de Navidad?<\/span><span class=\"kadence-svg-iconset svg-baseline\"><svg aria-hidden=\"true\" class=\"kadence-svg-icon kadence-arrow-right-alt-svg\" fill=\"currentColor\" version=\"1.1\" xmlns=\"http:\/\/www.w3.org\/2000\/svg\" width=\"27\" height=\"28\" viewBox=\"0 0 27 28\"><title>Continuar<\/title><path d=\"M27 13.953c0 0.141-0.063 0.281-0.156 0.375l-6 5.531c-0.156 0.141-0.359 0.172-0.547 0.094-0.172-0.078-0.297-0.25-0.297-0.453v-3.5h-19.5c-0.281 0-0.5-0.219-0.5-0.5v-3c0-0.281 0.219-0.5 0.5-0.5h19.5v-3.5c0-0.203 0.109-0.375 0.297-0.453s0.391-0.047 0.547 0.078l6 5.469c0.094 0.094 0.156 0.219 0.156 0.359v0z\"><\/path>\n\t\t\t<\/svg><\/span>\t\t\t\t<\/a>\n\t\t\t<\/p>\n\t\t<\/div><!-- .entry-actions -->\n\t\t<\/footer><!-- .entry-footer -->\t<\/div>\n<\/article>\n<article class=\"entry content-bg loop-entry post-476 post type-post status-publish format-standard has-post-thumbnail hentry category-fiesta-de-fin-de-ano category-fiestas-y-eventos\">\n\t\t\t<a class=\"post-thumbnail kadence-thumbnail-ratio-2-3\" href=\"https:\/\/www.tufiesta.com.uy\/blog\/despedidas-fiestas-fin-anio-empresarial\">\n\t\t\t<div class=\"post-thumbnail-inner\">\n\t\t\t\t<img width=\"768\" height=\"256\" src=\"https:\/\/www.tufiesta.com.uy\/blog\/wp-content\/uploads\/2019\/10\/portada-despedidas-de-fin-de-anio-768x256.jpg\" class=\"attachment-medium_large size-medium_large wp-post-image\" alt=\"Despedidas de fin de a\u00f1o\" loading=\"lazy\" srcset=\"https:\/\/www.tufiesta.com.uy\/blog\/wp-content\/uploads\/2019\/10\/portada-despedidas-de-fin-de-anio-768x256.jpg 768w, https:\/\/www.tufiesta.com.uy\/blog\/wp-content\/uploads\/2019\/10\/portada-despedidas-de-fin-de-anio-300x100.jpg 300w, https:\/\/www.tufiesta.com.uy\/blog\/wp-content\/uploads\/2019\/10\/portada-despedidas-de-fin-de-anio.jpg 1200w\" sizes=\"(max-width: 768px) 100vw, 768px\" \/>\t\t\t<\/div>\n\t\t<\/a><!-- .post-thumbnail -->\n\t\t\t<div class=\"entry-content-wrap\">\n\t\t<header class=\"entry-header\">\n\t\t<div class=\"entry-taxonomies\">\n\t\t<span class=\"category-links term-links category-style-normal\">\n\t\t\t<a href=\"https:\/\/www.tufiesta.com.uy\/blog\/fiestas-y-eventos\/fiesta-de-fin-de-ano\" rel=\"category tag\">Fin de A\u00f1o<\/a> | <a href=\"https:\/\/www.tufiesta.com.uy\/blog\/fiestas-y-eventos\" rel=\"category tag\">Otras fiestas y eventos<\/a>\t\t<\/span>\n\t<\/div><!-- .entry-taxonomies -->\n\t<h4 class=\"entry-title\"><a href=\"https:\/\/www.tufiesta.com.uy\/blog\/despedidas-fiestas-fin-anio-empresarial\" rel=\"bookmark\">Fiestas de despedida de fin de a\u00f1o \u00bfQu\u00e9 tener en cuenta?<\/a><\/h4><\/header><!-- .entry-header -->\n<footer class=\"entry-footer\">\n\t\t\t<div class=\"entry-actions\">\n\t\t\t<p class=\"more-link-wrap\">\n\t\t\t\t<a href=\"https:\/\/www.tufiesta.com.uy\/blog\/despedidas-fiestas-fin-anio-empresarial\" class=\"post-more-link\">\n\t\t\t\t\tLeer m\u00e1s<span class=\"screen-reader-text\"> Fiestas de despedida de fin de a\u00f1o \u00bfQu\u00e9 tener en cuenta?<\/span><span class=\"kadence-svg-iconset svg-baseline\"><svg aria-hidden=\"true\" class=\"kadence-svg-icon kadence-arrow-right-alt-svg\" fill=\"currentColor\" version=\"1.1\" xmlns=\"http:\/\/www.w3.org\/2000\/svg\" width=\"27\" height=\"28\" viewBox=\"0 0 27 28\"><title>Continuar<\/title><path d=\"M27 13.953c0 0.141-0.063 0.281-0.156 0.375l-6 5.531c-0.156 0.141-0.359 0.172-0.547 0.094-0.172-0.078-0.297-0.25-0.297-0.453v-3.5h-19.5c-0.281 0-0.5-0.219-0.5-0.5v-3c0-0.281 0.219-0.5 0.5-0.5h19.5v-3.5c0-0.203 0.109-0.375 0.297-0.453s0.391-0.047 0.547 0.078l6 5.469c0.094 0.094 0.156 0.219 0.156 0.359v0z\"><\/path>\n\t\t\t<\/svg><\/span>\t\t\t\t<\/a>\n\t\t\t<\/p>\n\t\t<\/div><!-- .entry-actions -->\n\t\t<\/footer><!-- .entry-footer -->\t<\/div>\n<\/article>\n<\/div>","protected":false},"excerpt":{"rendered":"<p>La graduaci\u00f3n de la escuela primaria es un evento emocionante en la vida de los ni\u00f1os y sus familias. En Uruguay, como en muchos otros lugares, la fiesta de graduaci\u00f3n&#8230;<\/p>\n","protected":false},"author":6,"featured_media":6182,"comment_status":"open","ping_status":"open","sticky":false,"template":"","format":"standard","meta":{"kt_blocks_editor_width":"","_kad_post_transparent":"","_kad_post_title":"","_kad_post_layout":"","_kad_post_sidebar_id":"","_kad_post_content_style":"","_kad_post_vertical_padding":"","_kad_post_feature":"","_kad_post_feature_position":"","_kad_post_header":false,"_kad_post_footer":false},"categories":[300],"tags":[9,462,461,85],"yoast_head":"<!-- This site is optimized with the Yoast SEO Premium plugin v16.8 (Yoast SEO v18.0) - https:\/\/yoast.com\/wordpress\/plugins\/seo\/ -->\n<title>Fiesta de Graduaci\u00f3n: organizarse es la clave<\/title>\n<meta name=\"description\" content=\"Graduados! Preparate para la mejor fiesta de graduaci\u00f3n. Ac\u00e1 te dejamos varios consejos para que organizarla, no sea un dolor de cabeza.\" \/>\n<meta name=\"robots\" content=\"index, follow, max-snippet:-1, max-image-preview:large, max-video-preview:-1\" \/>\n<link rel=\"canonical\" href=\"https:\/\/www.tufiesta.com.uy\/blog\/fiesta-de-graduacion-organizarse-es-la-clave\" \/>\n<meta property=\"og:locale\" content=\"es_ES\" \/>\n<meta property=\"og:type\" content=\"article\" \/>\n<meta property=\"og:title\" content=\"Fiesta de Graduaci\u00f3n: organizarse es la clave\" \/>\n<meta property=\"og:description\" content=\"Graduados! Preparate para la mejor fiesta de graduaci\u00f3n. Ac\u00e1 te dejamos varios consejos para que organizarla, no sea un dolor de cabeza.\" \/>\n<meta property=\"og:url\" content=\"https:\/\/www.tufiesta.com.uy\/blog\/fiesta-de-graduacion-organizarse-es-la-clave\" \/>\n<meta property=\"og:site_name\" content=\"IDEAS - PARA QUE TU FIESTA SEA INOLVIDABLE.\" \/>\n<meta property=\"article:publisher\" content=\"https:\/\/www.facebook.com\/TuFiestaUruguay\/\" \/>\n<meta property=\"article:published_time\" content=\"2023-10-25T17:23:31+00:00\" \/>\n<meta property=\"article:modified_time\" content=\"2024-10-18T16:03:15+00:00\" \/>\n<meta property=\"og:image\" content=\"https:\/\/www.tufiesta.com.uy\/blog\/wp-content\/uploads\/2023\/10\/portada-fiesta-de-graduacion-organizarse-es-la-clave.jpg\" \/>\n\t<meta property=\"og:image:width\" content=\"1920\" \/>\n\t<meta property=\"og:image:height\" content=\"600\" \/>\n\t<meta property=\"og:image:type\" content=\"image\/jpeg\" \/>\n<meta name=\"twitter:card\" content=\"summary_large_image\" \/>\n<meta name=\"twitter:label1\" content=\"Escrito por\" \/>\n\t<meta name=\"twitter:data1\" content=\"Marcela\" \/>\n\t<meta name=\"twitter:label2\" content=\"Tiempo de lectura\" \/>\n\t<meta name=\"twitter:data2\" content=\"7 minutos\" \/>\n<script type=\"application\/ld+json\" class=\"yoast-schema-graph\">{\"@context\":\"https:\/\/schema.org\",\"@graph\":[{\"@type\":\"Organization\",\"@id\":\"https:\/\/www.tufiesta.com.uy\/blog\/#organization\",\"name\":\"TuFiesta.com.uy\",\"url\":\"https:\/\/www.tufiesta.com.uy\/blog\/\",\"sameAs\":[\"https:\/\/www.facebook.com\/TuFiestaUruguay\/\",\"https:\/\/www.instagram.com\/TuFiestaUruguay\/\",\"https:\/\/www.youtube.com\/@tufiestauruguay\"],\"logo\":{\"@type\":\"ImageObject\",\"@id\":\"https:\/\/www.tufiesta.com.uy\/blog\/#logo\",\"inLanguage\":\"es\",\"url\":\"https:\/\/www.tufiesta.com.uy\/blog\/wp-content\/uploads\/2022\/05\/logo-gris-y-naranja.png\",\"contentUrl\":\"https:\/\/www.tufiesta.com.uy\/blog\/wp-content\/uploads\/2022\/05\/logo-gris-y-naranja.png\",\"width\":298,\"height\":115,\"caption\":\"TuFiesta.com.uy\"},\"image\":{\"@id\":\"https:\/\/www.tufiesta.com.uy\/blog\/#logo\"}},{\"@type\":\"WebSite\",\"@id\":\"https:\/\/www.tufiesta.com.uy\/blog\/#website\",\"url\":\"https:\/\/www.tufiesta.com.uy\/blog\/\",\"name\":\"IDEAS - PARA QUE TU FIESTA SEA INOLVIDABLE.\",\"description\":\"Te mostramos ideas, &quot;lo \u00faltimo&quot; y &quot;lo que se viene&quot; para que no te falte nada. Propuestas para casamientos, fiestas infantiles, 15 a\u00f1os, eventos empresariales, despedidas de soltera\/o, bautismos, bodas, graduaciones, baby showers, aniversarios, cumplea\u00f1os de 30 - 40 - 50 - 60 - 70 - 80 - 90, despedidas de a\u00f1o y todo acontecimiento que merezca un festejo. Si hay un motivo \u00a1a festejar!\",\"publisher\":{\"@id\":\"https:\/\/www.tufiesta.com.uy\/blog\/#organization\"},\"potentialAction\":[{\"@type\":\"SearchAction\",\"target\":{\"@type\":\"EntryPoint\",\"urlTemplate\":\"https:\/\/www.tufiesta.com.uy\/blog\/?s={search_term_string}\"},\"query-input\":\"required name=search_term_string\"}],\"inLanguage\":\"es\"},{\"@type\":\"ImageObject\",\"@id\":\"https:\/\/www.tufiesta.com.uy\/blog\/fiesta-de-graduacion-organizarse-es-la-clave#primaryimage\",\"inLanguage\":\"es\",\"url\":\"https:\/\/www.tufiesta.com.uy\/blog\/wp-content\/uploads\/2023\/10\/portada-fiesta-de-graduacion-organizarse-es-la-clave.jpg\",\"contentUrl\":\"https:\/\/www.tufiesta.com.uy\/blog\/wp-content\/uploads\/2023\/10\/portada-fiesta-de-graduacion-organizarse-es-la-clave.jpg\",\"width\":1920,\"height\":600,\"caption\":\"Fiesta de Graduaci\u00f3n del Colegio\"},{\"@type\":\"WebPage\",\"@id\":\"https:\/\/www.tufiesta.com.uy\/blog\/fiesta-de-graduacion-organizarse-es-la-clave#webpage\",\"url\":\"https:\/\/www.tufiesta.com.uy\/blog\/fiesta-de-graduacion-organizarse-es-la-clave\",\"name\":\"Fiesta de Graduaci\u00f3n: organizarse es la clave\",\"isPartOf\":{\"@id\":\"https:\/\/www.tufiesta.com.uy\/blog\/#website\"},\"primaryImageOfPage\":{\"@id\":\"https:\/\/www.tufiesta.com.uy\/blog\/fiesta-de-graduacion-organizarse-es-la-clave#primaryimage\"},\"datePublished\":\"2023-10-25T17:23:31+00:00\",\"dateModified\":\"2024-10-18T16:03:15+00:00\",\"description\":\"Graduados! Preparate para la mejor fiesta de graduaci\u00f3n. Ac\u00e1 te dejamos varios consejos para que organizarla, no sea un dolor de cabeza.\",\"breadcrumb\":{\"@id\":\"https:\/\/www.tufiesta.com.uy\/blog\/fiesta-de-graduacion-organizarse-es-la-clave#breadcrumb\"},\"inLanguage\":\"es\",\"potentialAction\":[{\"@type\":\"ReadAction\",\"target\":[\"https:\/\/www.tufiesta.com.uy\/blog\/fiesta-de-graduacion-organizarse-es-la-clave\"]}]},{\"@type\":\"BreadcrumbList\",\"@id\":\"https:\/\/www.tufiesta.com.uy\/blog\/fiesta-de-graduacion-organizarse-es-la-clave#breadcrumb\",\"itemListElement\":[{\"@type\":\"ListItem\",\"position\":1,\"name\":\"Blog\",\"item\":\"https:\/\/www.tufiesta.com.uy\/blog\/\"},{\"@type\":\"ListItem\",\"position\":2,\"name\":\"Fiesta de Graduaci\u00f3n: organizarse es la clave\"}]},{\"@type\":\"Article\",\"@id\":\"https:\/\/www.tufiesta.com.uy\/blog\/fiesta-de-graduacion-organizarse-es-la-clave#article\",\"isPartOf\":{\"@id\":\"https:\/\/www.tufiesta.com.uy\/blog\/fiesta-de-graduacion-organizarse-es-la-clave#webpage\"},\"author\":{\"@id\":\"https:\/\/www.tufiesta.com.uy\/blog\/#\/schema\/person\/a932a72776b85223f4bbb2d688d1df03\"},\"headline\":\"Fiesta de Graduaci\u00f3n: organizarse es la clave\",\"datePublished\":\"2023-10-25T17:23:31+00:00\",\"dateModified\":\"2024-10-18T16:03:15+00:00\",\"mainEntityOfPage\":{\"@id\":\"https:\/\/www.tufiesta.com.uy\/blog\/fiesta-de-graduacion-organizarse-es-la-clave#webpage\"},\"wordCount\":1118,\"commentCount\":0,\"publisher\":{\"@id\":\"https:\/\/www.tufiesta.com.uy\/blog\/#organization\"},\"image\":{\"@id\":\"https:\/\/www.tufiesta.com.uy\/blog\/fiesta-de-graduacion-organizarse-es-la-clave#primaryimage\"},\"thumbnailUrl\":\"https:\/\/www.tufiesta.com.uy\/blog\/wp-content\/uploads\/2023\/10\/portada-fiesta-de-graduacion-organizarse-es-la-clave.jpg\",\"keywords\":[\"animaci\u00f3n de fiestas infantiles\",\"Egresados\",\"Fiesta de Graduaci\u00f3n\",\"lugares para fiestas\"],\"articleSection\":[\"Fiestas Infantiles\"],\"inLanguage\":\"es\",\"potentialAction\":[{\"@type\":\"CommentAction\",\"name\":\"Comment\",\"target\":[\"https:\/\/www.tufiesta.com.uy\/blog\/fiesta-de-graduacion-organizarse-es-la-clave#respond\"]}]},{\"@type\":\"Person\",\"@id\":\"https:\/\/www.tufiesta.com.uy\/blog\/#\/schema\/person\/a932a72776b85223f4bbb2d688d1df03\",\"name\":\"Marcela\",\"image\":{\"@type\":\"ImageObject\",\"@id\":\"https:\/\/www.tufiesta.com.uy\/blog\/#personlogo\",\"inLanguage\":\"es\",\"url\":\"https:\/\/secure.gravatar.com\/avatar\/a4a043ca6c03a418bde7e6bdb46fc3a9?s=96&d=mm&r=g\",\"contentUrl\":\"https:\/\/secure.gravatar.com\/avatar\/a4a043ca6c03a418bde7e6bdb46fc3a9?s=96&d=mm&r=g\",\"caption\":\"Marcela\"}}]}<\/script>\n<!-- \/ Yoast SEO Premium plugin. -->","yoast_head_json":{"title":"Fiesta de Graduaci\u00f3n: organizarse es la clave","description":"Graduados! Preparate para la mejor fiesta de graduaci\u00f3n. Ac\u00e1 te dejamos varios consejos para que organizarla, no sea un dolor de cabeza.","robots":{"index":"index","follow":"follow","max-snippet":"max-snippet:-1","max-image-preview":"max-image-preview:large","max-video-preview":"max-video-preview:-1"},"canonical":"https:\/\/www.tufiesta.com.uy\/blog\/fiesta-de-graduacion-organizarse-es-la-clave","og_locale":"es_ES","og_type":"article","og_title":"Fiesta de Graduaci\u00f3n: organizarse es la clave","og_description":"Graduados! Preparate para la mejor fiesta de graduaci\u00f3n. Ac\u00e1 te dejamos varios consejos para que organizarla, no sea un dolor de cabeza.","og_url":"https:\/\/www.tufiesta.com.uy\/blog\/fiesta-de-graduacion-organizarse-es-la-clave","og_site_name":"IDEAS - PARA QUE TU FIESTA SEA INOLVIDABLE.","article_publisher":"https:\/\/www.facebook.com\/TuFiestaUruguay\/","article_published_time":"2023-10-25T17:23:31+00:00","article_modified_time":"2024-10-18T16:03:15+00:00","og_image":[{"width":1920,"height":600,"url":"https:\/\/www.tufiesta.com.uy\/blog\/wp-content\/uploads\/2023\/10\/portada-fiesta-de-graduacion-organizarse-es-la-clave.jpg","type":"image\/jpeg"}],"twitter_card":"summary_large_image","twitter_misc":{"Escrito por":"Marcela","Tiempo de lectura":"7 minutos"},"schema":{"@context":"https:\/\/schema.org","@graph":[{"@type":"Organization","@id":"https:\/\/www.tufiesta.com.uy\/blog\/#organization","name":"TuFiesta.com.uy","url":"https:\/\/www.tufiesta.com.uy\/blog\/","sameAs":["https:\/\/www.facebook.com\/TuFiestaUruguay\/","https:\/\/www.instagram.com\/TuFiestaUruguay\/","https:\/\/www.youtube.com\/@tufiestauruguay"],"logo":{"@type":"ImageObject","@id":"https:\/\/www.tufiesta.com.uy\/blog\/#logo","inLanguage":"es","url":"https:\/\/www.tufiesta.com.uy\/blog\/wp-content\/uploads\/2022\/05\/logo-gris-y-naranja.png","contentUrl":"https:\/\/www.tufiesta.com.uy\/blog\/wp-content\/uploads\/2022\/05\/logo-gris-y-naranja.png","width":298,"height":115,"caption":"TuFiesta.com.uy"},"image":{"@id":"https:\/\/www.tufiesta.com.uy\/blog\/#logo"}},{"@type":"WebSite","@id":"https:\/\/www.tufiesta.com.uy\/blog\/#website","url":"https:\/\/www.tufiesta.com.uy\/blog\/","name":"IDEAS - PARA QUE TU FIESTA SEA INOLVIDABLE.","description":"Te mostramos ideas, &quot;lo \u00faltimo&quot; y &quot;lo que se viene&quot; para que no te falte nada. Propuestas para casamientos, fiestas infantiles, 15 a\u00f1os, eventos empresariales, despedidas de soltera\/o, bautismos, bodas, graduaciones, baby showers, aniversarios, cumplea\u00f1os de 30 - 40 - 50 - 60 - 70 - 80 - 90, despedidas de a\u00f1o y todo acontecimiento que merezca un festejo. Si hay un motivo \u00a1a festejar!","publisher":{"@id":"https:\/\/www.tufiesta.com.uy\/blog\/#organization"},"potentialAction":[{"@type":"SearchAction","target":{"@type":"EntryPoint","urlTemplate":"https:\/\/www.tufiesta.com.uy\/blog\/?s={search_term_string}"},"query-input":"required name=search_term_string"}],"inLanguage":"es"},{"@type":"ImageObject","@id":"https:\/\/www.tufiesta.com.uy\/blog\/fiesta-de-graduacion-organizarse-es-la-clave#primaryimage","inLanguage":"es","url":"https:\/\/www.tufiesta.com.uy\/blog\/wp-content\/uploads\/2023\/10\/portada-fiesta-de-graduacion-organizarse-es-la-clave.jpg","contentUrl":"https:\/\/www.tufiesta.com.uy\/blog\/wp-content\/uploads\/2023\/10\/portada-fiesta-de-graduacion-organizarse-es-la-clave.jpg","width":1920,"height":600,"caption":"Fiesta de Graduaci\u00f3n del Colegio"},{"@type":"WebPage","@id":"https:\/\/www.tufiesta.com.uy\/blog\/fiesta-de-graduacion-organizarse-es-la-clave#webpage","url":"https:\/\/www.tufiesta.com.uy\/blog\/fiesta-de-graduacion-organizarse-es-la-clave","name":"Fiesta de Graduaci\u00f3n: organizarse es la clave","isPartOf":{"@id":"https:\/\/www.tufiesta.com.uy\/blog\/#website"},"primaryImageOfPage":{"@id":"https:\/\/www.tufiesta.com.uy\/blog\/fiesta-de-graduacion-organizarse-es-la-clave#primaryimage"},"datePublished":"2023-10-25T17:23:31+00:00","dateModified":"2024-10-18T16:03:15+00:00","description":"Graduados! Preparate para la mejor fiesta de graduaci\u00f3n. Ac\u00e1 te dejamos varios consejos para que organizarla, no sea un dolor de cabeza.","breadcrumb":{"@id":"https:\/\/www.tufiesta.com.uy\/blog\/fiesta-de-graduacion-organizarse-es-la-clave#breadcrumb"},"inLanguage":"es","potentialAction":[{"@type":"ReadAction","target":["https:\/\/www.tufiesta.com.uy\/blog\/fiesta-de-graduacion-organizarse-es-la-clave"]}]},{"@type":"BreadcrumbList","@id":"https:\/\/www.tufiesta.com.uy\/blog\/fiesta-de-graduacion-organizarse-es-la-clave#breadcrumb","itemListElement":[{"@type":"ListItem","position":1,"name":"Blog","item":"https:\/\/www.tufiesta.com.uy\/blog\/"},{"@type":"ListItem","position":2,"name":"Fiesta de Graduaci\u00f3n: organizarse es la clave"}]},{"@type":"Article","@id":"https:\/\/www.tufiesta.com.uy\/blog\/fiesta-de-graduacion-organizarse-es-la-clave#article","isPartOf":{"@id":"https:\/\/www.tufiesta.com.uy\/blog\/fiesta-de-graduacion-organizarse-es-la-clave#webpage"},"author":{"@id":"https:\/\/www.tufiesta.com.uy\/blog\/#\/schema\/person\/a932a72776b85223f4bbb2d688d1df03"},"headline":"Fiesta de Graduaci\u00f3n: organizarse es la clave","datePublished":"2023-10-25T17:23:31+00:00","dateModified":"2024-10-18T16:03:15+00:00","mainEntityOfPage":{"@id":"https:\/\/www.tufiesta.com.uy\/blog\/fiesta-de-graduacion-organizarse-es-la-clave#webpage"},"wordCount":1118,"commentCount":0,"publisher":{"@id":"https:\/\/www.tufiesta.com.uy\/blog\/#organization"},"image":{"@id":"https:\/\/www.tufiesta.com.uy\/blog\/fiesta-de-graduacion-organizarse-es-la-clave#primaryimage"},"thumbnailUrl":"https:\/\/www.tufiesta.com.uy\/blog\/wp-content\/uploads\/2023\/10\/portada-fiesta-de-graduacion-organizarse-es-la-clave.jpg","keywords":["animaci\u00f3n de fiestas infantiles","Egresados","Fiesta de Graduaci\u00f3n","lugares para fiestas"],"articleSection":["Fiestas Infantiles"],"inLanguage":"es","potentialAction":[{"@type":"CommentAction","name":"Comment","target":["https:\/\/www.tufiesta.com.uy\/blog\/fiesta-de-graduacion-organizarse-es-la-clave#respond"]}]},{"@type":"Person","@id":"https:\/\/www.tufiesta.com.uy\/blog\/#\/schema\/person\/a932a72776b85223f4bbb2d688d1df03","name":"Marcela","image":{"@type":"ImageObject","@id":"https:\/\/www.tufiesta.com.uy\/blog\/#personlogo","inLanguage":"es","url":"https:\/\/secure.gravatar.com\/avatar\/a4a043ca6c03a418bde7e6bdb46fc3a9?s=96&d=mm&r=g","contentUrl":"https:\/\/secure.gravatar.com\/avatar\/a4a043ca6c03a418bde7e6bdb46fc3a9?s=96&d=mm&r=g","caption":"Marcela"}}]}},"_links":{"self":[{"href":"https:\/\/www.tufiesta.com.uy\/blog\/wp-json\/wp\/v2\/posts\/6108"}],"collection":[{"href":"https:\/\/www.tufiesta.com.uy\/blog\/wp-json\/wp\/v2\/posts"}],"about":[{"href":"https:\/\/www.tufiesta.com.uy\/blog\/wp-json\/wp\/v2\/types\/post"}],"author":[{"embeddable":true,"href":"https:\/\/www.tufiesta.com.uy\/blog\/wp-json\/wp\/v2\/users\/6"}],"replies":[{"embeddable":true,"href":"https:\/\/www.tufiesta.com.uy\/blog\/wp-json\/wp\/v2\/comments?post=6108"}],"version-history":[{"count":29,"href":"https:\/\/www.tufiesta.com.uy\/blog\/wp-json\/wp\/v2\/posts\/6108\/revisions"}],"predecessor-version":[{"id":7452,"href":"https:\/\/www.tufiesta.com.uy\/blog\/wp-json\/wp\/v2\/posts\/6108\/revisions\/7452"}],"wp:featuredmedia":[{"embeddable":true,"href":"https:\/\/www.tufiesta.com.uy\/blog\/wp-json\/wp\/v2\/media\/6182"}],"wp:attachment":[{"href":"https:\/\/www.tufiesta.com.uy\/blog\/wp-json\/wp\/v2\/media?parent=6108"}],"wp:term":[{"taxonomy":"category","embeddable":true,"href":"https:\/\/www.tufiesta.com.uy\/blog\/wp-json\/wp\/v2\/categories?post=6108"},{"taxonomy":"post_tag","embeddable":true,"href":"https:\/\/www.tufiesta.com.uy\/blog\/wp-json\/wp\/v2\/tags?post=6108"}],"curies":[{"name":"wp","href":"https:\/\/api.w.org\/{rel}","templated":true}]}}