{"id":5720,"date":"2023-09-20T18:52:25","date_gmt":"2023-09-20T18:52:25","guid":{"rendered":"https:\/\/www.tufiesta.com.uy\/blog\/?p=5720"},"modified":"2024-03-05T20:20:51","modified_gmt":"2024-03-05T20:20:51","slug":"fiesta-de-15-anos-o-viaje","status":"publish","type":"post","link":"https:\/\/www.tufiesta.com.uy\/blog\/fiesta-de-15-anos-o-viaje","title":{"rendered":"\u00bfFiesta de 15 a\u00f1os o viaje?"},"content":{"rendered":"\n<p>El d\u00e9cimo quinto cumplea\u00f1os es un acontecimiento importante en la vida de las chicas que dejan la ni\u00f1ez para darle paso a la adolescencia. Es un momento de cambios y merece ser festejado.<\/p>\n\n\n\n<p>Es ah\u00ed cuando surge la duda recurrente entre las quincea\u00f1eras. \u00bfHago la <a href=\"https:\/\/www.tufiesta.com.uy\/cumple-15\" target=\"_blank\" rel=\"noreferrer noopener\">fiesta de 15<\/a> o me voy de viaje de 15? Ambos tienen sus atractivos y desaf\u00edos.<\/p>\n\n\n\n<p>En este art\u00edculo, te contaremos los pro y los contra de cada opci\u00f3n para que puedas tomar una decisi\u00f3n informada que mejor refleje tus deseos y tu personalidad.<\/p>\n\n\n\n<div class=\"wp-block-columns\">\n<div class=\"wp-block-column\">\n<figure class=\"wp-block-kadence-image kb-image_872b1b-2a size-full\"><img loading=\"lazy\" width=\"600\" height=\"400\" src=\"https:\/\/www.tufiesta.com.uy\/blog\/wp-content\/uploads\/2023\/09\/fiesta-de-15-anos.png\" alt=\"Chicas bailando\" class=\"kb-img wp-image-5733\" srcset=\"https:\/\/www.tufiesta.com.uy\/blog\/wp-content\/uploads\/2023\/09\/fiesta-de-15-anos.png 600w, https:\/\/www.tufiesta.com.uy\/blog\/wp-content\/uploads\/2023\/09\/fiesta-de-15-anos-300x200.png 300w\" sizes=\"(max-width: 600px) 100vw, 600px\" \/><\/figure>\n<\/div>\n\n\n\n<div class=\"wp-block-column\">\n<figure class=\"wp-block-kadence-image kb-image_a09d95-39 size-full\"><img loading=\"lazy\" width=\"600\" height=\"400\" src=\"https:\/\/www.tufiesta.com.uy\/blog\/wp-content\/uploads\/2023\/09\/viaje-15-anos.png\" alt=\"Chica viajando\" class=\"kb-img wp-image-5737\" srcset=\"https:\/\/www.tufiesta.com.uy\/blog\/wp-content\/uploads\/2023\/09\/viaje-15-anos.png 600w, https:\/\/www.tufiesta.com.uy\/blog\/wp-content\/uploads\/2023\/09\/viaje-15-anos-300x200.png 300w\" sizes=\"(max-width: 600px) 100vw, 600px\" \/><\/figure>\n<\/div>\n<\/div>\n\n\n<style id=\"kt-blocks_ce76bd-63\">#kt-adv-heading_ce76bd-63, #kt-adv-heading_ce76bd-63 .wp-block-kadence-advancedheading, .wp-block-kadence-advancedheading.kt-adv-heading_ce76bd-63[data-kb-block=\"kb-adv-heading_ce76bd-63\"], .kadence-advanced-heading-wrapper .kt-adv-heading_ce76bd-63[data-kb-block=\"kb-adv-heading_ce76bd-63\"]{font-weight:inherit;font-family:-apple-system,BlinkMacSystemFont,\"Segoe UI\",Roboto,Oxygen-Sans,Ubuntu,Cantarell,\"Helvetica Neue\",sans-serif, \"Apple Color Emoji\", \"Segoe UI Emoji\", \"Segoe UI Symbol\";}<\/style>\n<h2 class=\"kt-adv-heading_ce76bd-63 wp-block-kadence-advancedheading has-theme-palette-2-color has-text-color\" data-kb-block=\"kb-adv-heading_ce76bd-63\"><strong>Los pros y contras de la fiesta de los 15 a\u00f1os<\/strong><\/h2>\n\n\n\n<p>La <a href=\"https:\/\/www.tufiesta.com.uy\/cumple-15\" target=\"_blank\" rel=\"noreferrer noopener\">fiesta de 15<\/a> est\u00e1 muy arraigada en Uruguay y otros pa\u00edses latinoamericanos y por ende es uno de los sue\u00f1os de muchas quincea\u00f1eras. \u00bfPor qu\u00e9 deber\u00eda elegirla?<\/p>\n\n\n<style id=\"kt-blocks_05ecfd-b6\">#kt-adv-heading_05ecfd-b6, #kt-adv-heading_05ecfd-b6 .wp-block-kadence-advancedheading, .wp-block-kadence-advancedheading.kt-adv-heading_05ecfd-b6[data-kb-block=\"kb-adv-heading_05ecfd-b6\"], .kadence-advanced-heading-wrapper .kt-adv-heading_05ecfd-b6[data-kb-block=\"kb-adv-heading_05ecfd-b6\"]{font-weight:inherit;font-family:-apple-system,BlinkMacSystemFont,\"Segoe UI\",Roboto,Oxygen-Sans,Ubuntu,Cantarell,\"Helvetica Neue\",sans-serif, \"Apple Color Emoji\", \"Segoe UI Emoji\", \"Segoe UI Symbol\";}<\/style>\n<h3 class=\"kt-adv-heading_05ecfd-b6 wp-block-kadence-advancedheading has-theme-palette-2-color has-text-color\" data-kb-block=\"kb-adv-heading_05ecfd-b6\">Los Pros de festejar un cumplea\u00f1os de 15<\/h3>\n\n\n\n<ul><li><strong>Tradici\u00f3n, familia y amigos<\/strong>: es la elecci\u00f3n perfecta si lo que deseas es festejar con tus familiares y amistades, todos reunidos en una noche m\u00e1gica.<\/li><li><strong>Organizaci\u00f3n y personalizaci\u00f3n<\/strong>: los <a href=\"https:\/\/www.tufiesta.com.uy\/cumple-15\/salones-fiestas\" target=\"_blank\" rel=\"noreferrer noopener\">salones de fiestas<\/a> suelen ofrecer una variedad de comodidades y servicios profesionales que pueden mejorar tu celebraci\u00f3n. Estos pueden incluir un equipo de <a href=\"https:\/\/www.tufiesta.com.uy\/cumple-15\/organizacion-integral\" target=\"_blank\" rel=\"noreferrer noopener\">planificaci\u00f3n de eventos<\/a>, servicio de catering, personal de servicio, m\u00fasica y equipos de sonido e iluminaci\u00f3n de primera clase. Esto alivia gran parte del estr\u00e9s de la planificaci\u00f3n y garantiza una fiesta de 15 a\u00f1os sin problemas. Adem\u00e1s, puedes optar por realizar una fiesta tem\u00e1tica, el tipo de <a href=\"https:\/\/www.tufiesta.com.uy\/cumple-15\/decoracion-integral\" target=\"_blank\" rel=\"noreferrer noopener\">decoraci\u00f3n<\/a> que se adapta a tu estilo, y muchos otros puntos importantes de la organizaci\u00f3n.<\/li><li><strong>La \u00fanica protagonista<\/strong>: es tu fiesta, es tu noche, y sos la protagonista principal de este evento. Es tu momento de brillar y de cumplir un gran sue\u00f1o.<\/li><li><strong>Regalos<\/strong>: cuando festej\u00e1s es habitual que los invitados te hagan regalos, ya sean objetos o dinero. Este \u00faltimo viene bien para que lo gastes en lo que vos quieras, inclusive en un viaje de 15 o vacaciones.<\/li><\/ul>\n\n\n\n<div class=\"wp-block-kadence-image kb-image_099684-e6\"><figure class=\"aligncenter size-full\"><img loading=\"lazy\" width=\"600\" height=\"400\" src=\"https:\/\/www.tufiesta.com.uy\/blog\/wp-content\/uploads\/2023\/09\/fiesta-de-15.png\" alt=\"Vestido de 15 a\u00f1os\" class=\"kb-img wp-image-5735\" srcset=\"https:\/\/www.tufiesta.com.uy\/blog\/wp-content\/uploads\/2023\/09\/fiesta-de-15.png 600w, https:\/\/www.tufiesta.com.uy\/blog\/wp-content\/uploads\/2023\/09\/fiesta-de-15-300x200.png 300w\" sizes=\"(max-width: 600px) 100vw, 600px\" \/><\/figure><\/div>\n\n\n<style id=\"kt-blocks_e3203a-ce\">#kt-adv-heading_e3203a-ce, #kt-adv-heading_e3203a-ce .wp-block-kadence-advancedheading, .wp-block-kadence-advancedheading.kt-adv-heading_e3203a-ce[data-kb-block=\"kb-adv-heading_e3203a-ce\"], .kadence-advanced-heading-wrapper .kt-adv-heading_e3203a-ce[data-kb-block=\"kb-adv-heading_e3203a-ce\"]{font-weight:inherit;font-family:-apple-system,BlinkMacSystemFont,\"Segoe UI\",Roboto,Oxygen-Sans,Ubuntu,Cantarell,\"Helvetica Neue\",sans-serif, \"Apple Color Emoji\", \"Segoe UI Emoji\", \"Segoe UI Symbol\";}<\/style>\n<h3 class=\"kt-adv-heading_e3203a-ce wp-block-kadence-advancedheading has-theme-palette-2-color has-text-color\" data-kb-block=\"kb-adv-heading_e3203a-ce\">Los Contras de celebrar una fiesta de 15<\/h3>\n\n\n\n<p>Es fundamental que a la hora de pensar en realizar una fiesta tengas en cuenta los puntos siguientes.<\/p>\n\n\n\n<ul><li><strong>Presupuesto elevado<\/strong>: una <a href=\"https:\/\/www.tufiesta.com.uy\/cumple-15\" target=\"_blank\" rel=\"noreferrer noopener\">celebraci\u00f3n de 15 a\u00f1os<\/a>, puede ser muy costosa, dependiendo de la cantidad de invitados, el lugar y el catering, la m\u00fasica y las animaciones que contrates. A eso deber\u00e1s sumarle, el vestido, maquillaje, peinado, zapatos, cotill\u00f3n, fot\u00f3grafos, entre otros \u00edtems que podr\u00e1s agregar dependiendo de tu presupuesto. Sin embargo, puedes elegir opciones m\u00e1s econ\u00f3micas que te permitan hacer tu fiesta con un bajo presupuesto.<\/li><li><strong>Tiempo y estr\u00e9s<\/strong>: organizar una fiesta puede ser estresante. Necesitar\u00e1s tiempo y esfuerzo para planificar todos los detalles.<\/li><li><strong>Duraci\u00f3n<\/strong>: mucho tiempo de preparaci\u00f3n, para tan solo una noche.<\/li><\/ul>\n\n\n<style id=\"kt-blocks_63d195-c9\">#kt-adv-heading_63d195-c9, #kt-adv-heading_63d195-c9 .wp-block-kadence-advancedheading, .wp-block-kadence-advancedheading.kt-adv-heading_63d195-c9[data-kb-block=\"kb-adv-heading_63d195-c9\"], .kadence-advanced-heading-wrapper .kt-adv-heading_63d195-c9[data-kb-block=\"kb-adv-heading_63d195-c9\"]{font-weight:inherit;font-family:-apple-system,BlinkMacSystemFont,\"Segoe UI\",Roboto,Oxygen-Sans,Ubuntu,Cantarell,\"Helvetica Neue\",sans-serif, \"Apple Color Emoji\", \"Segoe UI Emoji\", \"Segoe UI Symbol\";}<\/style>\n<h2 class=\"kt-adv-heading_63d195-c9 wp-block-kadence-advancedheading has-theme-palette-2-color has-text-color\" data-kb-block=\"kb-adv-heading_63d195-c9\"><strong>Los Pros y Contras del viaje de 15<\/strong><\/h2>\n\n\n\n<p>Esta es una opci\u00f3n que est\u00e1 ganando terreno entre las futuras quincea\u00f1eras.<\/p>\n\n\n<style id=\"kt-blocks_ee53b4-7b\">#kt-adv-heading_ee53b4-7b, #kt-adv-heading_ee53b4-7b .wp-block-kadence-advancedheading, .wp-block-kadence-advancedheading.kt-adv-heading_ee53b4-7b[data-kb-block=\"kb-adv-heading_ee53b4-7b\"], .kadence-advanced-heading-wrapper .kt-adv-heading_ee53b4-7b[data-kb-block=\"kb-adv-heading_ee53b4-7b\"]{font-weight:inherit;font-family:-apple-system,BlinkMacSystemFont,\"Segoe UI\",Roboto,Oxygen-Sans,Ubuntu,Cantarell,\"Helvetica Neue\",sans-serif, \"Apple Color Emoji\", \"Segoe UI Emoji\", \"Segoe UI Symbol\";}<\/style>\n<h3 class=\"kt-adv-heading_ee53b4-7b wp-block-kadence-advancedheading has-theme-palette-2-color has-text-color\" data-kb-block=\"kb-adv-heading_ee53b4-7b\">Los Pros del viaje de 15<\/h3>\n\n\n\n<ul><li><strong>Experiencias inolvidables<\/strong>: viajar con amigos de la misma edad y con los mismos intereses es una de las mejores experiencias de la vida. Pod\u00e9s descubrir culturas diferentes, probar comida deliciosa y crear recuerdos que durar\u00e1n eternamente. Es una aventura que te permite ampliar tus horizontes y aprender sobre el mundo.<\/li><li><strong>Viajes de 15 a\u00f1os<\/strong>: existen diversas empresas que organizan viajes solo para quincea\u00f1eras a diversos puntos del mundo. Una de las opciones m\u00e1s elegida es el viaje a Miami y Orlando, as\u00ed como tambi\u00e9n Bariloche. Este tipo de tour es completamente organizado, desde paseos, salidas, hasta alojamiento y, por supuesto, mucha diversi\u00f3n. Es una oportunidad \u00fanica de hacer nuevas amistades. Y sin duda, son m\u00e1s econ\u00f3micos que una fiesta.<\/li><li><strong>Viaje familiar<\/strong>: si tus padres as\u00ed lo desean y pueden permitirse el gasto, es una excelente oportunidad para estar con tu familia compartiendo momentos y nuevas experiencias. Ya sea con todo el grupo familiar o solo con uno de ellos.<\/li><\/ul>\n\n\n\n<div class=\"wp-block-kadence-image kb-image_8e8fae-c5\"><figure class=\"aligncenter size-full\"><img loading=\"lazy\" width=\"600\" height=\"400\" src=\"https:\/\/www.tufiesta.com.uy\/blog\/wp-content\/uploads\/2023\/09\/viaje-a-disney.png\" alt=\"Viaje de 15 a\u00f1os a Disney\" class=\"kb-img wp-image-5738\" srcset=\"https:\/\/www.tufiesta.com.uy\/blog\/wp-content\/uploads\/2023\/09\/viaje-a-disney.png 600w, https:\/\/www.tufiesta.com.uy\/blog\/wp-content\/uploads\/2023\/09\/viaje-a-disney-300x200.png 300w\" sizes=\"(max-width: 600px) 100vw, 600px\" \/><\/figure><\/div>\n\n\n<style id=\"kt-blocks_714a75-bd\">#kt-adv-heading_714a75-bd, #kt-adv-heading_714a75-bd .wp-block-kadence-advancedheading, .wp-block-kadence-advancedheading.kt-adv-heading_714a75-bd[data-kb-block=\"kb-adv-heading_714a75-bd\"], .kadence-advanced-heading-wrapper .kt-adv-heading_714a75-bd[data-kb-block=\"kb-adv-heading_714a75-bd\"]{font-weight:inherit;font-family:-apple-system,BlinkMacSystemFont,\"Segoe UI\",Roboto,Oxygen-Sans,Ubuntu,Cantarell,\"Helvetica Neue\",sans-serif, \"Apple Color Emoji\", \"Segoe UI Emoji\", \"Segoe UI Symbol\";}<\/style>\n<h3 class=\"kt-adv-heading_714a75-bd wp-block-kadence-advancedheading has-theme-palette-2-color has-text-color\" data-kb-block=\"kb-adv-heading_714a75-bd\">Los Contras del viaje de 15<\/h3>\n\n\n\n<ul><li><strong>Costos<\/strong>: el viaje puede ser muy costoso, dependiendo del destino y la duraci\u00f3n. Es importante planificar y presupuestar cuidadosamente para evitar sorpresas financieras.<\/li><li><strong>Sin amigos<\/strong>: no podr\u00e1s festejar este momento tan especial con tus amigos de toda la vida, ni con el resto de tus familiares cercanos.<\/li><li><strong>Sin tradici\u00f3n ni rituales<\/strong>: te perder\u00e1s todos los momentos \u00fanicos de una fiesta de 15 a\u00f1os.<\/li><\/ul>\n\n\n\n<p>Ahora bien, si hacer una <a href=\"https:\/\/www.tufiesta.com.uy\/cumple-15\" target=\"_blank\" rel=\"noreferrer noopener\">fiesta de 15 a\u00f1os<\/a>, nunca fue tu sue\u00f1o, ten\u00e9s un esp\u00edritu aventurero, y muchas ganas de salir de tu zona de confort, tal vez el viaje de 15 sea la opci\u00f3n ideal para ti.<\/p>\n\n\n\n<div class=\"wp-block-kadence-image kb-image_4d65e7-11\"><figure class=\"aligncenter size-full\"><img loading=\"lazy\" width=\"600\" height=\"400\" src=\"https:\/\/www.tufiesta.com.uy\/blog\/wp-content\/uploads\/2023\/09\/festejando-el-viaje-de-15.png\" alt=\"Chicas en viaje de 15\" class=\"kb-img wp-image-5734\" srcset=\"https:\/\/www.tufiesta.com.uy\/blog\/wp-content\/uploads\/2023\/09\/festejando-el-viaje-de-15.png 600w, https:\/\/www.tufiesta.com.uy\/blog\/wp-content\/uploads\/2023\/09\/festejando-el-viaje-de-15-300x200.png 300w\" sizes=\"(max-width: 600px) 100vw, 600px\" \/><\/figure><\/div>\n\n\n\n<p>En cambio, si am\u00e1s compartir experiencias con tus amigas, te gusta la tradici\u00f3n y siempre has so\u00f1ado con ese momento, sin duda, la <a href=\"https:\/\/www.tufiesta.com.uy\/cumple-15\" target=\"_blank\" rel=\"noreferrer noopener\">fiesta de 15<\/a> es tu mejor elecci\u00f3n.<\/p>\n\n\n\n<div class=\"wp-block-columns\">\n<div class=\"wp-block-column\">\n<div class=\"wp-block-kadence-image kb-image_28a702-cb\"><figure class=\"aligncenter size-full\"><img loading=\"lazy\" width=\"600\" height=\"400\" src=\"https:\/\/www.tufiesta.com.uy\/blog\/wp-content\/uploads\/2023\/09\/Quinceanera-festejando.png\" alt=\"Cumplea\u00f1os de 15\" class=\"kb-img wp-image-5736\" srcset=\"https:\/\/www.tufiesta.com.uy\/blog\/wp-content\/uploads\/2023\/09\/Quinceanera-festejando.png 600w, https:\/\/www.tufiesta.com.uy\/blog\/wp-content\/uploads\/2023\/09\/Quinceanera-festejando-300x200.png 300w\" sizes=\"(max-width: 600px) 100vw, 600px\" \/><\/figure><\/div>\n<\/div>\n<\/div>\n\n\n\n<p>Ya sab\u00e9s, lo fundamental es como vos te sientas, qu\u00e9 vibra mejor con tu personalidad, y no menos relevante, el presupuesto que tu familia tiene destinado para tu cumplea\u00f1os de 15.<\/p>\n\n\n\n<p>Es momento de tomar la mejor decisi\u00f3n y disfrutar de tu elecci\u00f3n para que este acontecimiento tan particular en tu vida, sea recordado para siempre.<\/p>\n\n\n\n<p>\u00a1As\u00ed que decid\u00ed con el coraz\u00f3n y celebr\u00e1 tus 15 a\u00f1os de la manera que pienses que vas a disfrutar m\u00e1s!<\/p>\n\n\n\n<h2 class=\"kt-adv-heading_6eea1b-1e wp-block-kadence-advancedheading has-theme-palette-1-color has-text-color\" data-kb-block=\"kb-adv-heading_6eea1b-1e\"><strong>\u00a1Felices 15!<\/strong><\/h2>\n\n\n\n<p><\/p>\n\n\n\n<p>\u00bfQuer\u00e9s conocer la Gu\u00eda Definitiva para Organizar la Fiesta de 15? <a href=\"https:\/\/www.tufiesta.com.uy\/blog\/conoce-la-guia-definitiva-para-organizar-la-fiesta-de-15-anos\/\" target=\"_blank\" rel=\"noreferrer noopener\">Hac\u00e9 clic ac\u00e1.<\/a><\/p>\n\n\n\n<p><\/p>\n\n\n\n<p><\/p>\n\n\n<div class=\"wp-block-kadence-posts kb-posts kb-posts-id-_fc4ebb-04 content-wrap grid-cols kb-posts-style-boxed grid-sm-col-2 grid-lg-col-3 item-image-style-above\"><article class=\"entry content-bg loop-entry post-8683 post type-post status-publish format-standard has-post-thumbnail hentry category-cumpleanos-de-15 tag-cumpleanos-de-15 tag-tips-para-quinceaneras\">\n\t\t\t<a class=\"post-thumbnail kadence-thumbnail-ratio-2-3\" href=\"https:\/\/www.tufiesta.com.uy\/blog\/evolucion-fiestas-de-15-uruguay\">\n\t\t\t<div class=\"post-thumbnail-inner\">\n\t\t\t\t<img width=\"768\" height=\"240\" src=\"https:\/\/www.tufiesta.com.uy\/blog\/wp-content\/uploads\/2026\/03\/portada-evolucion-fiestas-de-15-uruguay-768x240.jpg\" class=\"attachment-medium_large size-medium_large wp-post-image\" alt=\"Comparativa 15 a\u00f1os Uruguay antes atelier y ahora glow up interactivo zapatillas All Star\" loading=\"lazy\" srcset=\"https:\/\/www.tufiesta.com.uy\/blog\/wp-content\/uploads\/2026\/03\/portada-evolucion-fiestas-de-15-uruguay-768x240.jpg 768w, https:\/\/www.tufiesta.com.uy\/blog\/wp-content\/uploads\/2026\/03\/portada-evolucion-fiestas-de-15-uruguay-300x94.jpg 300w, https:\/\/www.tufiesta.com.uy\/blog\/wp-content\/uploads\/2026\/03\/portada-evolucion-fiestas-de-15-uruguay-1200x375.jpg 1200w, https:\/\/www.tufiesta.com.uy\/blog\/wp-content\/uploads\/2026\/03\/portada-evolucion-fiestas-de-15-uruguay-1536x480.jpg 1536w, https:\/\/www.tufiesta.com.uy\/blog\/wp-content\/uploads\/2026\/03\/portada-evolucion-fiestas-de-15-uruguay.jpg 1920w\" sizes=\"(max-width: 768px) 100vw, 768px\" \/>\t\t\t<\/div>\n\t\t<\/a><!-- .post-thumbnail -->\n\t\t\t<div class=\"entry-content-wrap\">\n\t\t<header class=\"entry-header\">\n\t\t<div class=\"entry-taxonomies\">\n\t\t<span class=\"category-links term-links category-style-normal\">\n\t\t\t<a href=\"https:\/\/www.tufiesta.com.uy\/blog\/cumpleanos-de-15\" rel=\"category tag\">Cumplea\u00f1os de 15<\/a>\t\t<\/span>\n\t<\/div><!-- .entry-taxonomies -->\n\t<h5 class=\"entry-title\"><a href=\"https:\/\/www.tufiesta.com.uy\/blog\/evolucion-fiestas-de-15-uruguay\" rel=\"bookmark\">15 a\u00f1os en Uruguay: El gran \u00abGlow Up\u00bb de la fiesta tradicional<\/a><\/h5>\t<div class=\"entry-meta entry-meta-divider-dot\">\n\t\t<\/div><!-- .entry-meta -->\n\t<\/header><!-- .entry-header -->\n\t<div class=\"entry-summary\">\n\t\t<p>Si mir\u00e1s las fotos de los 15 de tu t\u00eda o de tu mam\u00e1, seguro ves un patr\u00f3n: el vestido&#8230;<\/p>\n\t<\/div><!-- .entry-summary -->\n\t<footer class=\"entry-footer\">\n\t\t\t<div class=\"entry-actions\">\n\t\t\t<p class=\"more-link-wrap\">\n\t\t\t\t<a href=\"https:\/\/www.tufiesta.com.uy\/blog\/evolucion-fiestas-de-15-uruguay\" class=\"post-more-link\">\n\t\t\t\t\tLeer m\u00e1s<span class=\"screen-reader-text\"> 15 a\u00f1os en Uruguay: El gran \u00abGlow Up\u00bb de la fiesta tradicional<\/span><span class=\"kadence-svg-iconset svg-baseline\"><svg aria-hidden=\"true\" class=\"kadence-svg-icon kadence-arrow-right-alt-svg\" fill=\"currentColor\" version=\"1.1\" xmlns=\"http:\/\/www.w3.org\/2000\/svg\" width=\"27\" height=\"28\" viewBox=\"0 0 27 28\"><title>Continuar<\/title><path d=\"M27 13.953c0 0.141-0.063 0.281-0.156 0.375l-6 5.531c-0.156 0.141-0.359 0.172-0.547 0.094-0.172-0.078-0.297-0.25-0.297-0.453v-3.5h-19.5c-0.281 0-0.5-0.219-0.5-0.5v-3c0-0.281 0.219-0.5 0.5-0.5h19.5v-3.5c0-0.203 0.109-0.375 0.297-0.453s0.391-0.047 0.547 0.078l6 5.469c0.094 0.094 0.156 0.219 0.156 0.359v0z\"><\/path>\n\t\t\t<\/svg><\/span>\t\t\t\t<\/a>\n\t\t\t<\/p>\n\t\t<\/div><!-- .entry-actions -->\n\t\t<\/footer><!-- .entry-footer -->\t<\/div>\n<\/article>\n<article class=\"entry content-bg loop-entry post-8545 post type-post status-publish format-standard has-post-thumbnail hentry category-cumpleanos-de-15 category-fiestas-y-eventos category-prensa tag-entretenimento-para-fiestas tag-magos-para-fiestas tag-show-de-hipnosis tag-show-de-hipnosis-para-fiestas tag-show-de-hipnotismo-para-fiestas-y-eventos tag-show-de-magia-para-eventos tag-show-de-magia-para-fiestas\">\n\t\t\t<a class=\"post-thumbnail kadence-thumbnail-ratio-2-3\" href=\"https:\/\/www.tufiesta.com.uy\/blog\/hipnosis-comica-en-fiestas-y-eventos-como-funciona-este-show\">\n\t\t\t<div class=\"post-thumbnail-inner\">\n\t\t\t\t<img width=\"768\" height=\"240\" src=\"https:\/\/www.tufiesta.com.uy\/blog\/wp-content\/uploads\/2026\/01\/entrevista-daymon-hipnosis-comica-768x240.jpg\" class=\"attachment-medium_large size-medium_large wp-post-image\" alt=\"Daymon hipnosis\" loading=\"lazy\" srcset=\"https:\/\/www.tufiesta.com.uy\/blog\/wp-content\/uploads\/2026\/01\/entrevista-daymon-hipnosis-comica-768x240.jpg 768w, https:\/\/www.tufiesta.com.uy\/blog\/wp-content\/uploads\/2026\/01\/entrevista-daymon-hipnosis-comica-300x94.jpg 300w, https:\/\/www.tufiesta.com.uy\/blog\/wp-content\/uploads\/2026\/01\/entrevista-daymon-hipnosis-comica-1200x375.jpg 1200w, https:\/\/www.tufiesta.com.uy\/blog\/wp-content\/uploads\/2026\/01\/entrevista-daymon-hipnosis-comica-1536x480.jpg 1536w, https:\/\/www.tufiesta.com.uy\/blog\/wp-content\/uploads\/2026\/01\/entrevista-daymon-hipnosis-comica.jpg 1920w\" sizes=\"(max-width: 768px) 100vw, 768px\" \/>\t\t\t<\/div>\n\t\t<\/a><!-- .post-thumbnail -->\n\t\t\t<div class=\"entry-content-wrap\">\n\t\t<header class=\"entry-header\">\n\t\t<div class=\"entry-taxonomies\">\n\t\t<span class=\"category-links term-links category-style-normal\">\n\t\t\t<a href=\"https:\/\/www.tufiesta.com.uy\/blog\/cumpleanos-de-15\" rel=\"category tag\">Cumplea\u00f1os de 15<\/a> | <a href=\"https:\/\/www.tufiesta.com.uy\/blog\/fiestas-y-eventos\" rel=\"category tag\">Otras fiestas y eventos<\/a> | <a href=\"https:\/\/www.tufiesta.com.uy\/blog\/prensa\" rel=\"category tag\">Prensa<\/a>\t\t<\/span>\n\t<\/div><!-- .entry-taxonomies -->\n\t<h5 class=\"entry-title\"><a href=\"https:\/\/www.tufiesta.com.uy\/blog\/hipnosis-comica-en-fiestas-y-eventos-como-funciona-este-show\" rel=\"bookmark\">Hipnosis c\u00f3mica en fiestas y eventos: c\u00f3mo funciona este show<\/a><\/h5>\t<div class=\"entry-meta entry-meta-divider-dot\">\n\t\t<\/div><!-- .entry-meta -->\n\t<\/header><!-- .entry-header -->\n\t<div class=\"entry-summary\">\n\t\t<p>Cuando se busca entretenimiento para una fiesta o evento, cada vez m\u00e1s personas eligen propuestas participativas que involucren al p\u00fablico&#8230;<\/p>\n\t<\/div><!-- .entry-summary -->\n\t<footer class=\"entry-footer\">\n\t\t\t<div class=\"entry-actions\">\n\t\t\t<p class=\"more-link-wrap\">\n\t\t\t\t<a href=\"https:\/\/www.tufiesta.com.uy\/blog\/hipnosis-comica-en-fiestas-y-eventos-como-funciona-este-show\" class=\"post-more-link\">\n\t\t\t\t\tLeer m\u00e1s<span class=\"screen-reader-text\"> Hipnosis c\u00f3mica en fiestas y eventos: c\u00f3mo funciona este show<\/span><span class=\"kadence-svg-iconset svg-baseline\"><svg aria-hidden=\"true\" class=\"kadence-svg-icon kadence-arrow-right-alt-svg\" fill=\"currentColor\" version=\"1.1\" xmlns=\"http:\/\/www.w3.org\/2000\/svg\" width=\"27\" height=\"28\" viewBox=\"0 0 27 28\"><title>Continuar<\/title><path d=\"M27 13.953c0 0.141-0.063 0.281-0.156 0.375l-6 5.531c-0.156 0.141-0.359 0.172-0.547 0.094-0.172-0.078-0.297-0.25-0.297-0.453v-3.5h-19.5c-0.281 0-0.5-0.219-0.5-0.5v-3c0-0.281 0.219-0.5 0.5-0.5h19.5v-3.5c0-0.203 0.109-0.375 0.297-0.453s0.391-0.047 0.547 0.078l6 5.469c0.094 0.094 0.156 0.219 0.156 0.359v0z\"><\/path>\n\t\t\t<\/svg><\/span>\t\t\t\t<\/a>\n\t\t\t<\/p>\n\t\t<\/div><!-- .entry-actions -->\n\t\t<\/footer><!-- .entry-footer -->\t<\/div>\n<\/article>\n<article class=\"entry content-bg loop-entry post-8478 post type-post status-publish format-standard has-post-thumbnail hentry category-casamientos category-cumpleanos-de-15 category-fiestas-y-eventos category-prensa tag-bodas tag-casamientos tag-cumpleanos-de-15 tag-decoracion-de-eventos tag-lugares-para-fiestas tag-salones-de-fiestas tag-wedding-planner\">\n\t\t\t<a class=\"post-thumbnail kadence-thumbnail-ratio-2-3\" href=\"https:\/\/www.tufiesta.com.uy\/blog\/entrevista-solange-lo-nuevo-portofino-country-lounge\">\n\t\t\t<div class=\"post-thumbnail-inner\">\n\t\t\t\t<img width=\"768\" height=\"240\" src=\"https:\/\/www.tufiesta.com.uy\/blog\/wp-content\/uploads\/2025\/11\/portada-entrevista-solange-lo-nuevo-portofino-country-lounge-768x240.jpg\" class=\"attachment-medium_large size-medium_large wp-post-image\" alt=\"Nueva Chacra para fiestas- Portofino Country Lounge\" loading=\"lazy\" srcset=\"https:\/\/www.tufiesta.com.uy\/blog\/wp-content\/uploads\/2025\/11\/portada-entrevista-solange-lo-nuevo-portofino-country-lounge-768x240.jpg 768w, https:\/\/www.tufiesta.com.uy\/blog\/wp-content\/uploads\/2025\/11\/portada-entrevista-solange-lo-nuevo-portofino-country-lounge-300x94.jpg 300w, https:\/\/www.tufiesta.com.uy\/blog\/wp-content\/uploads\/2025\/11\/portada-entrevista-solange-lo-nuevo-portofino-country-lounge-1200x375.jpg 1200w, https:\/\/www.tufiesta.com.uy\/blog\/wp-content\/uploads\/2025\/11\/portada-entrevista-solange-lo-nuevo-portofino-country-lounge-1536x480.jpg 1536w, https:\/\/www.tufiesta.com.uy\/blog\/wp-content\/uploads\/2025\/11\/portada-entrevista-solange-lo-nuevo-portofino-country-lounge.jpg 1920w\" sizes=\"(max-width: 768px) 100vw, 768px\" \/>\t\t\t<\/div>\n\t\t<\/a><!-- .post-thumbnail -->\n\t\t\t<div class=\"entry-content-wrap\">\n\t\t<header class=\"entry-header\">\n\t\t<div class=\"entry-taxonomies\">\n\t\t<span class=\"category-links term-links category-style-normal\">\n\t\t\t<a href=\"https:\/\/www.tufiesta.com.uy\/blog\/casamientos\" rel=\"category tag\">Casamientos<\/a> | <a href=\"https:\/\/www.tufiesta.com.uy\/blog\/cumpleanos-de-15\" rel=\"category tag\">Cumplea\u00f1os de 15<\/a> | <a href=\"https:\/\/www.tufiesta.com.uy\/blog\/fiestas-y-eventos\" rel=\"category tag\">Otras fiestas y eventos<\/a> | <a href=\"https:\/\/www.tufiesta.com.uy\/blog\/prensa\" rel=\"category tag\">Prensa<\/a>\t\t<\/span>\n\t<\/div><!-- .entry-taxonomies -->\n\t<h5 class=\"entry-title\"><a href=\"https:\/\/www.tufiesta.com.uy\/blog\/entrevista-solange-lo-nuevo-portofino-country-lounge\" rel=\"bookmark\">As\u00ed es Portofino Country Lounge, la nueva propuesta de Portofino en Camino de los Horneros<\/a><\/h5>\t<div class=\"entry-meta entry-meta-divider-dot\">\n\t\t<\/div><!-- .entry-meta -->\n\t<\/header><!-- .entry-header -->\n\t<div class=\"entry-summary\">\n\t\t<p>Portofino sigue creciendo y abriendo caminos dentro del mundo de las celebraciones en Uruguay. En esta oportunidad, conversamos con Solange&#8230;<\/p>\n\t<\/div><!-- .entry-summary -->\n\t<footer class=\"entry-footer\">\n\t\t\t<div class=\"entry-actions\">\n\t\t\t<p class=\"more-link-wrap\">\n\t\t\t\t<a href=\"https:\/\/www.tufiesta.com.uy\/blog\/entrevista-solange-lo-nuevo-portofino-country-lounge\" class=\"post-more-link\">\n\t\t\t\t\tLeer m\u00e1s<span class=\"screen-reader-text\"> As\u00ed es Portofino Country Lounge, la nueva propuesta de Portofino en Camino de los Horneros<\/span><span class=\"kadence-svg-iconset svg-baseline\"><svg aria-hidden=\"true\" class=\"kadence-svg-icon kadence-arrow-right-alt-svg\" fill=\"currentColor\" version=\"1.1\" xmlns=\"http:\/\/www.w3.org\/2000\/svg\" width=\"27\" height=\"28\" viewBox=\"0 0 27 28\"><title>Continuar<\/title><path d=\"M27 13.953c0 0.141-0.063 0.281-0.156 0.375l-6 5.531c-0.156 0.141-0.359 0.172-0.547 0.094-0.172-0.078-0.297-0.25-0.297-0.453v-3.5h-19.5c-0.281 0-0.5-0.219-0.5-0.5v-3c0-0.281 0.219-0.5 0.5-0.5h19.5v-3.5c0-0.203 0.109-0.375 0.297-0.453s0.391-0.047 0.547 0.078l6 5.469c0.094 0.094 0.156 0.219 0.156 0.359v0z\"><\/path>\n\t\t\t<\/svg><\/span>\t\t\t\t<\/a>\n\t\t\t<\/p>\n\t\t<\/div><!-- .entry-actions -->\n\t\t<\/footer><!-- .entry-footer -->\t<\/div>\n<\/article>\n<\/div>","protected":false},"excerpt":{"rendered":"<p>El d\u00e9cimo quinto cumplea\u00f1os es un acontecimiento importante en la vida de las chicas que dejan la ni\u00f1ez para darle paso a la adolescencia. Es un momento de cambios y&#8230;<\/p>\n","protected":false},"author":6,"featured_media":5820,"comment_status":"open","ping_status":"open","sticky":false,"template":"","format":"standard","meta":{"kt_blocks_editor_width":"","_kad_post_transparent":"","_kad_post_title":"","_kad_post_layout":"","_kad_post_sidebar_id":"","_kad_post_content_style":"","_kad_post_vertical_padding":"","_kad_post_feature":"","_kad_post_feature_position":"","_kad_post_header":false,"_kad_post_footer":false},"categories":[301],"tags":[82,91,458],"yoast_head":"<!-- This site is optimized with the Yoast SEO Premium plugin v16.8 (Yoast SEO v18.0) - https:\/\/yoast.com\/wordpress\/plugins\/seo\/ -->\n<title>Qu\u00e9 elegir. \u00bfFiesta de 15 a\u00f1os o viaje?<\/title>\n<meta name=\"description\" content=\"Esta es la duda recurrente entre las quincea\u00f1eras. \u00bfHago la fiesta de 15 o me voy de viaje? Descubr\u00ed los atractivos y desaf\u00edos de ambos.\" \/>\n<meta name=\"robots\" content=\"index, follow, max-snippet:-1, max-image-preview:large, max-video-preview:-1\" \/>\n<link rel=\"canonical\" href=\"https:\/\/www.tufiesta.com.uy\/blog\/fiesta-de-15-anos-o-viaje\" \/>\n<meta property=\"og:locale\" content=\"es_ES\" \/>\n<meta property=\"og:type\" content=\"article\" \/>\n<meta property=\"og:title\" content=\"Qu\u00e9 elegir. \u00bfFiesta de 15 a\u00f1os o viaje?\" \/>\n<meta property=\"og:description\" content=\"Esta es la duda recurrente entre las quincea\u00f1eras. \u00bfHago la fiesta de 15 o me voy de viaje? Descubr\u00ed los atractivos y desaf\u00edos de ambos.\" \/>\n<meta property=\"og:url\" content=\"https:\/\/www.tufiesta.com.uy\/blog\/fiesta-de-15-anos-o-viaje\" \/>\n<meta property=\"og:site_name\" content=\"IDEAS - PARA QUE TU FIESTA SEA INOLVIDABLE.\" \/>\n<meta property=\"article:publisher\" content=\"https:\/\/www.facebook.com\/TuFiestaUruguay\/\" \/>\n<meta property=\"article:published_time\" content=\"2023-09-20T18:52:25+00:00\" \/>\n<meta property=\"article:modified_time\" content=\"2024-03-05T20:20:51+00:00\" \/>\n<meta property=\"og:image\" content=\"https:\/\/www.tufiesta.com.uy\/blog\/wp-content\/uploads\/2023\/09\/portada-Fiesta-de-15-o-viaje.jpg\" \/>\n\t<meta property=\"og:image:width\" content=\"1920\" \/>\n\t<meta property=\"og:image:height\" content=\"600\" \/>\n\t<meta property=\"og:image:type\" content=\"image\/jpeg\" \/>\n<meta name=\"twitter:card\" content=\"summary_large_image\" \/>\n<meta name=\"twitter:label1\" content=\"Escrito por\" \/>\n\t<meta name=\"twitter:data1\" content=\"Marcela\" \/>\n\t<meta name=\"twitter:label2\" content=\"Tiempo de lectura\" \/>\n\t<meta name=\"twitter:data2\" content=\"6 minutos\" \/>\n<script type=\"application\/ld+json\" class=\"yoast-schema-graph\">{\"@context\":\"https:\/\/schema.org\",\"@graph\":[{\"@type\":\"Organization\",\"@id\":\"https:\/\/www.tufiesta.com.uy\/blog\/#organization\",\"name\":\"TuFiesta.com.uy\",\"url\":\"https:\/\/www.tufiesta.com.uy\/blog\/\",\"sameAs\":[\"https:\/\/www.facebook.com\/TuFiestaUruguay\/\",\"https:\/\/www.instagram.com\/TuFiestaUruguay\/\",\"https:\/\/www.youtube.com\/@tufiestauruguay\"],\"logo\":{\"@type\":\"ImageObject\",\"@id\":\"https:\/\/www.tufiesta.com.uy\/blog\/#logo\",\"inLanguage\":\"es\",\"url\":\"https:\/\/www.tufiesta.com.uy\/blog\/wp-content\/uploads\/2022\/05\/logo-gris-y-naranja.png\",\"contentUrl\":\"https:\/\/www.tufiesta.com.uy\/blog\/wp-content\/uploads\/2022\/05\/logo-gris-y-naranja.png\",\"width\":298,\"height\":115,\"caption\":\"TuFiesta.com.uy\"},\"image\":{\"@id\":\"https:\/\/www.tufiesta.com.uy\/blog\/#logo\"}},{\"@type\":\"WebSite\",\"@id\":\"https:\/\/www.tufiesta.com.uy\/blog\/#website\",\"url\":\"https:\/\/www.tufiesta.com.uy\/blog\/\",\"name\":\"IDEAS - PARA QUE TU FIESTA SEA INOLVIDABLE.\",\"description\":\"Te mostramos ideas, &quot;lo \u00faltimo&quot; y &quot;lo que se viene&quot; para que no te falte nada. Propuestas para casamientos, fiestas infantiles, 15 a\u00f1os, eventos empresariales, despedidas de soltera\/o, bautismos, bodas, graduaciones, baby showers, aniversarios, cumplea\u00f1os de 30 - 40 - 50 - 60 - 70 - 80 - 90, despedidas de a\u00f1o y todo acontecimiento que merezca un festejo. Si hay un motivo \u00a1a festejar!\",\"publisher\":{\"@id\":\"https:\/\/www.tufiesta.com.uy\/blog\/#organization\"},\"potentialAction\":[{\"@type\":\"SearchAction\",\"target\":{\"@type\":\"EntryPoint\",\"urlTemplate\":\"https:\/\/www.tufiesta.com.uy\/blog\/?s={search_term_string}\"},\"query-input\":\"required name=search_term_string\"}],\"inLanguage\":\"es\"},{\"@type\":\"ImageObject\",\"@id\":\"https:\/\/www.tufiesta.com.uy\/blog\/fiesta-de-15-anos-o-viaje#primaryimage\",\"inLanguage\":\"es\",\"url\":\"https:\/\/www.tufiesta.com.uy\/blog\/wp-content\/uploads\/2023\/09\/portada-Fiesta-de-15-o-viaje.jpg\",\"contentUrl\":\"https:\/\/www.tufiesta.com.uy\/blog\/wp-content\/uploads\/2023\/09\/portada-Fiesta-de-15-o-viaje.jpg\",\"width\":1920,\"height\":600,\"caption\":\"Quincea\u00f1era eligiendo fiesta de cumplea\u00f1os o viaje\"},{\"@type\":\"WebPage\",\"@id\":\"https:\/\/www.tufiesta.com.uy\/blog\/fiesta-de-15-anos-o-viaje#webpage\",\"url\":\"https:\/\/www.tufiesta.com.uy\/blog\/fiesta-de-15-anos-o-viaje\",\"name\":\"Qu\u00e9 elegir. \u00bfFiesta de 15 a\u00f1os o viaje?\",\"isPartOf\":{\"@id\":\"https:\/\/www.tufiesta.com.uy\/blog\/#website\"},\"primaryImageOfPage\":{\"@id\":\"https:\/\/www.tufiesta.com.uy\/blog\/fiesta-de-15-anos-o-viaje#primaryimage\"},\"datePublished\":\"2023-09-20T18:52:25+00:00\",\"dateModified\":\"2024-03-05T20:20:51+00:00\",\"description\":\"Esta es la duda recurrente entre las quincea\u00f1eras. \u00bfHago la fiesta de 15 o me voy de viaje? Descubr\u00ed los atractivos y desaf\u00edos de ambos.\",\"breadcrumb\":{\"@id\":\"https:\/\/www.tufiesta.com.uy\/blog\/fiesta-de-15-anos-o-viaje#breadcrumb\"},\"inLanguage\":\"es\",\"potentialAction\":[{\"@type\":\"ReadAction\",\"target\":[\"https:\/\/www.tufiesta.com.uy\/blog\/fiesta-de-15-anos-o-viaje\"]}]},{\"@type\":\"BreadcrumbList\",\"@id\":\"https:\/\/www.tufiesta.com.uy\/blog\/fiesta-de-15-anos-o-viaje#breadcrumb\",\"itemListElement\":[{\"@type\":\"ListItem\",\"position\":1,\"name\":\"Blog\",\"item\":\"https:\/\/www.tufiesta.com.uy\/blog\/\"},{\"@type\":\"ListItem\",\"position\":2,\"name\":\"\u00bfFiesta de 15 a\u00f1os o viaje?\"}]},{\"@type\":\"Article\",\"@id\":\"https:\/\/www.tufiesta.com.uy\/blog\/fiesta-de-15-anos-o-viaje#article\",\"isPartOf\":{\"@id\":\"https:\/\/www.tufiesta.com.uy\/blog\/fiesta-de-15-anos-o-viaje#webpage\"},\"author\":{\"@id\":\"https:\/\/www.tufiesta.com.uy\/blog\/#\/schema\/person\/a932a72776b85223f4bbb2d688d1df03\"},\"headline\":\"\u00bfFiesta de 15 a\u00f1os o viaje?\",\"datePublished\":\"2023-09-20T18:52:25+00:00\",\"dateModified\":\"2024-03-05T20:20:51+00:00\",\"mainEntityOfPage\":{\"@id\":\"https:\/\/www.tufiesta.com.uy\/blog\/fiesta-de-15-anos-o-viaje#webpage\"},\"wordCount\":917,\"commentCount\":0,\"publisher\":{\"@id\":\"https:\/\/www.tufiesta.com.uy\/blog\/#organization\"},\"image\":{\"@id\":\"https:\/\/www.tufiesta.com.uy\/blog\/fiesta-de-15-anos-o-viaje#primaryimage\"},\"thumbnailUrl\":\"https:\/\/www.tufiesta.com.uy\/blog\/wp-content\/uploads\/2023\/09\/portada-Fiesta-de-15-o-viaje.jpg\",\"keywords\":[\"cumplea\u00f1os de 15\",\"tips para quincea\u00f1eras\",\"viaje de 15\"],\"articleSection\":[\"Cumplea\u00f1os de 15\"],\"inLanguage\":\"es\",\"potentialAction\":[{\"@type\":\"CommentAction\",\"name\":\"Comment\",\"target\":[\"https:\/\/www.tufiesta.com.uy\/blog\/fiesta-de-15-anos-o-viaje#respond\"]}]},{\"@type\":\"Person\",\"@id\":\"https:\/\/www.tufiesta.com.uy\/blog\/#\/schema\/person\/a932a72776b85223f4bbb2d688d1df03\",\"name\":\"Marcela\",\"image\":{\"@type\":\"ImageObject\",\"@id\":\"https:\/\/www.tufiesta.com.uy\/blog\/#personlogo\",\"inLanguage\":\"es\",\"url\":\"https:\/\/secure.gravatar.com\/avatar\/a4a043ca6c03a418bde7e6bdb46fc3a9?s=96&d=mm&r=g\",\"contentUrl\":\"https:\/\/secure.gravatar.com\/avatar\/a4a043ca6c03a418bde7e6bdb46fc3a9?s=96&d=mm&r=g\",\"caption\":\"Marcela\"}}]}<\/script>\n<!-- \/ Yoast SEO Premium plugin. -->","yoast_head_json":{"title":"Qu\u00e9 elegir. \u00bfFiesta de 15 a\u00f1os o viaje?","description":"Esta es la duda recurrente entre las quincea\u00f1eras. \u00bfHago la fiesta de 15 o me voy de viaje? Descubr\u00ed los atractivos y desaf\u00edos de ambos.","robots":{"index":"index","follow":"follow","max-snippet":"max-snippet:-1","max-image-preview":"max-image-preview:large","max-video-preview":"max-video-preview:-1"},"canonical":"https:\/\/www.tufiesta.com.uy\/blog\/fiesta-de-15-anos-o-viaje","og_locale":"es_ES","og_type":"article","og_title":"Qu\u00e9 elegir. \u00bfFiesta de 15 a\u00f1os o viaje?","og_description":"Esta es la duda recurrente entre las quincea\u00f1eras. \u00bfHago la fiesta de 15 o me voy de viaje? Descubr\u00ed los atractivos y desaf\u00edos de ambos.","og_url":"https:\/\/www.tufiesta.com.uy\/blog\/fiesta-de-15-anos-o-viaje","og_site_name":"IDEAS - PARA QUE TU FIESTA SEA INOLVIDABLE.","article_publisher":"https:\/\/www.facebook.com\/TuFiestaUruguay\/","article_published_time":"2023-09-20T18:52:25+00:00","article_modified_time":"2024-03-05T20:20:51+00:00","og_image":[{"width":1920,"height":600,"url":"https:\/\/www.tufiesta.com.uy\/blog\/wp-content\/uploads\/2023\/09\/portada-Fiesta-de-15-o-viaje.jpg","type":"image\/jpeg"}],"twitter_card":"summary_large_image","twitter_misc":{"Escrito por":"Marcela","Tiempo de lectura":"6 minutos"},"schema":{"@context":"https:\/\/schema.org","@graph":[{"@type":"Organization","@id":"https:\/\/www.tufiesta.com.uy\/blog\/#organization","name":"TuFiesta.com.uy","url":"https:\/\/www.tufiesta.com.uy\/blog\/","sameAs":["https:\/\/www.facebook.com\/TuFiestaUruguay\/","https:\/\/www.instagram.com\/TuFiestaUruguay\/","https:\/\/www.youtube.com\/@tufiestauruguay"],"logo":{"@type":"ImageObject","@id":"https:\/\/www.tufiesta.com.uy\/blog\/#logo","inLanguage":"es","url":"https:\/\/www.tufiesta.com.uy\/blog\/wp-content\/uploads\/2022\/05\/logo-gris-y-naranja.png","contentUrl":"https:\/\/www.tufiesta.com.uy\/blog\/wp-content\/uploads\/2022\/05\/logo-gris-y-naranja.png","width":298,"height":115,"caption":"TuFiesta.com.uy"},"image":{"@id":"https:\/\/www.tufiesta.com.uy\/blog\/#logo"}},{"@type":"WebSite","@id":"https:\/\/www.tufiesta.com.uy\/blog\/#website","url":"https:\/\/www.tufiesta.com.uy\/blog\/","name":"IDEAS - PARA QUE TU FIESTA SEA INOLVIDABLE.","description":"Te mostramos ideas, &quot;lo \u00faltimo&quot; y &quot;lo que se viene&quot; para que no te falte nada. Propuestas para casamientos, fiestas infantiles, 15 a\u00f1os, eventos empresariales, despedidas de soltera\/o, bautismos, bodas, graduaciones, baby showers, aniversarios, cumplea\u00f1os de 30 - 40 - 50 - 60 - 70 - 80 - 90, despedidas de a\u00f1o y todo acontecimiento que merezca un festejo. Si hay un motivo \u00a1a festejar!","publisher":{"@id":"https:\/\/www.tufiesta.com.uy\/blog\/#organization"},"potentialAction":[{"@type":"SearchAction","target":{"@type":"EntryPoint","urlTemplate":"https:\/\/www.tufiesta.com.uy\/blog\/?s={search_term_string}"},"query-input":"required name=search_term_string"}],"inLanguage":"es"},{"@type":"ImageObject","@id":"https:\/\/www.tufiesta.com.uy\/blog\/fiesta-de-15-anos-o-viaje#primaryimage","inLanguage":"es","url":"https:\/\/www.tufiesta.com.uy\/blog\/wp-content\/uploads\/2023\/09\/portada-Fiesta-de-15-o-viaje.jpg","contentUrl":"https:\/\/www.tufiesta.com.uy\/blog\/wp-content\/uploads\/2023\/09\/portada-Fiesta-de-15-o-viaje.jpg","width":1920,"height":600,"caption":"Quincea\u00f1era eligiendo fiesta de cumplea\u00f1os o viaje"},{"@type":"WebPage","@id":"https:\/\/www.tufiesta.com.uy\/blog\/fiesta-de-15-anos-o-viaje#webpage","url":"https:\/\/www.tufiesta.com.uy\/blog\/fiesta-de-15-anos-o-viaje","name":"Qu\u00e9 elegir. \u00bfFiesta de 15 a\u00f1os o viaje?","isPartOf":{"@id":"https:\/\/www.tufiesta.com.uy\/blog\/#website"},"primaryImageOfPage":{"@id":"https:\/\/www.tufiesta.com.uy\/blog\/fiesta-de-15-anos-o-viaje#primaryimage"},"datePublished":"2023-09-20T18:52:25+00:00","dateModified":"2024-03-05T20:20:51+00:00","description":"Esta es la duda recurrente entre las quincea\u00f1eras. \u00bfHago la fiesta de 15 o me voy de viaje? Descubr\u00ed los atractivos y desaf\u00edos de ambos.","breadcrumb":{"@id":"https:\/\/www.tufiesta.com.uy\/blog\/fiesta-de-15-anos-o-viaje#breadcrumb"},"inLanguage":"es","potentialAction":[{"@type":"ReadAction","target":["https:\/\/www.tufiesta.com.uy\/blog\/fiesta-de-15-anos-o-viaje"]}]},{"@type":"BreadcrumbList","@id":"https:\/\/www.tufiesta.com.uy\/blog\/fiesta-de-15-anos-o-viaje#breadcrumb","itemListElement":[{"@type":"ListItem","position":1,"name":"Blog","item":"https:\/\/www.tufiesta.com.uy\/blog\/"},{"@type":"ListItem","position":2,"name":"\u00bfFiesta de 15 a\u00f1os o viaje?"}]},{"@type":"Article","@id":"https:\/\/www.tufiesta.com.uy\/blog\/fiesta-de-15-anos-o-viaje#article","isPartOf":{"@id":"https:\/\/www.tufiesta.com.uy\/blog\/fiesta-de-15-anos-o-viaje#webpage"},"author":{"@id":"https:\/\/www.tufiesta.com.uy\/blog\/#\/schema\/person\/a932a72776b85223f4bbb2d688d1df03"},"headline":"\u00bfFiesta de 15 a\u00f1os o viaje?","datePublished":"2023-09-20T18:52:25+00:00","dateModified":"2024-03-05T20:20:51+00:00","mainEntityOfPage":{"@id":"https:\/\/www.tufiesta.com.uy\/blog\/fiesta-de-15-anos-o-viaje#webpage"},"wordCount":917,"commentCount":0,"publisher":{"@id":"https:\/\/www.tufiesta.com.uy\/blog\/#organization"},"image":{"@id":"https:\/\/www.tufiesta.com.uy\/blog\/fiesta-de-15-anos-o-viaje#primaryimage"},"thumbnailUrl":"https:\/\/www.tufiesta.com.uy\/blog\/wp-content\/uploads\/2023\/09\/portada-Fiesta-de-15-o-viaje.jpg","keywords":["cumplea\u00f1os de 15","tips para quincea\u00f1eras","viaje de 15"],"articleSection":["Cumplea\u00f1os de 15"],"inLanguage":"es","potentialAction":[{"@type":"CommentAction","name":"Comment","target":["https:\/\/www.tufiesta.com.uy\/blog\/fiesta-de-15-anos-o-viaje#respond"]}]},{"@type":"Person","@id":"https:\/\/www.tufiesta.com.uy\/blog\/#\/schema\/person\/a932a72776b85223f4bbb2d688d1df03","name":"Marcela","image":{"@type":"ImageObject","@id":"https:\/\/www.tufiesta.com.uy\/blog\/#personlogo","inLanguage":"es","url":"https:\/\/secure.gravatar.com\/avatar\/a4a043ca6c03a418bde7e6bdb46fc3a9?s=96&d=mm&r=g","contentUrl":"https:\/\/secure.gravatar.com\/avatar\/a4a043ca6c03a418bde7e6bdb46fc3a9?s=96&d=mm&r=g","caption":"Marcela"}}]}},"_links":{"self":[{"href":"https:\/\/www.tufiesta.com.uy\/blog\/wp-json\/wp\/v2\/posts\/5720"}],"collection":[{"href":"https:\/\/www.tufiesta.com.uy\/blog\/wp-json\/wp\/v2\/posts"}],"about":[{"href":"https:\/\/www.tufiesta.com.uy\/blog\/wp-json\/wp\/v2\/types\/post"}],"author":[{"embeddable":true,"href":"https:\/\/www.tufiesta.com.uy\/blog\/wp-json\/wp\/v2\/users\/6"}],"replies":[{"embeddable":true,"href":"https:\/\/www.tufiesta.com.uy\/blog\/wp-json\/wp\/v2\/comments?post=5720"}],"version-history":[{"count":8,"href":"https:\/\/www.tufiesta.com.uy\/blog\/wp-json\/wp\/v2\/posts\/5720\/revisions"}],"predecessor-version":[{"id":5743,"href":"https:\/\/www.tufiesta.com.uy\/blog\/wp-json\/wp\/v2\/posts\/5720\/revisions\/5743"}],"wp:featuredmedia":[{"embeddable":true,"href":"https:\/\/www.tufiesta.com.uy\/blog\/wp-json\/wp\/v2\/media\/5820"}],"wp:attachment":[{"href":"https:\/\/www.tufiesta.com.uy\/blog\/wp-json\/wp\/v2\/media?parent=5720"}],"wp:term":[{"taxonomy":"category","embeddable":true,"href":"https:\/\/www.tufiesta.com.uy\/blog\/wp-json\/wp\/v2\/categories?post=5720"},{"taxonomy":"post_tag","embeddable":true,"href":"https:\/\/www.tufiesta.com.uy\/blog\/wp-json\/wp\/v2\/tags?post=5720"}],"curies":[{"name":"wp","href":"https:\/\/api.w.org\/{rel}","templated":true}]}}