{"id":5503,"date":"2025-02-01T19:03:00","date_gmt":"2025-02-01T19:03:00","guid":{"rendered":"https:\/\/www.tufiesta.com.uy\/blog\/?p=5503"},"modified":"2025-12-11T20:20:33","modified_gmt":"2025-12-11T20:20:33","slug":"conoce-la-guia-definitiva-para-organizar-la-fiesta-de-15-anos","status":"publish","type":"post","link":"https:\/\/www.tufiesta.com.uy\/blog\/conoce-la-guia-definitiva-para-organizar-la-fiesta-de-15-anos","title":{"rendered":"Conoc\u00e9 la Gu\u00eda Definitiva para organizar la Fiesta de 15 A\u00f1os"},"content":{"rendered":"\n<p>El sue\u00f1o de la vida de toda adolescente es la llegada de sus 15 a\u00f1os. Un momento inolvidable que merece ser celebrado sin importar el presupuesto. En esta gu\u00eda completa, te mostraremos c\u00f3mo <a href=\"https:\/\/www.tufiesta.com.uy\/cumple-15\" target=\"_blank\" rel=\"noreferrer noopener\">planificar una fiesta de 15<\/a> que refleje tu personalidad y estilo, sin importar cu\u00e1nto puedas invertir.<\/p>\n\n\n<style id=\"kt-blocks_a37706-8b\">#kt-adv-heading_a37706-8b, #kt-adv-heading_a37706-8b .wp-block-kadence-advancedheading, .wp-block-kadence-advancedheading.kt-adv-heading_a37706-8b[data-kb-block=\"kb-adv-heading_a37706-8b\"], .kadence-advanced-heading-wrapper .kt-adv-heading_a37706-8b[data-kb-block=\"kb-adv-heading_a37706-8b\"]{font-weight:inherit;font-family:-apple-system,BlinkMacSystemFont,\"Segoe UI\",Roboto,Oxygen-Sans,Ubuntu,Cantarell,\"Helvetica Neue\",sans-serif, \"Apple Color Emoji\", \"Segoe UI Emoji\", \"Segoe UI Symbol\";}<\/style>\n<h2 class=\"kt-adv-heading_a37706-8b wp-block-kadence-advancedheading has-theme-palette-2-color has-text-color\" data-kb-block=\"kb-adv-heading_a37706-8b\"><strong><b>Planificar el festejo de los 15 <\/b>con antelaci\u00f3n, es la clave del \u00e9xito<\/strong><\/h2>\n\n\n\n<p>Antes de empezar es esencial que la familia entienda que la fiesta le pertenece a la quincea\u00f1era y que es necesario respetar, en la medida de lo posible, los gustos y anhelos en lo que se refiere a la celebraci\u00f3n. Siempre teniendo en cuenta lo que los padres o familiares puedan invertir en el evento.<\/p>\n\n\n\n<p>Luego, es primordial confeccionar un buen plan para que nada quede librado al azar. <br>Es por esta raz\u00f3n que te brindamos la siguiente gu\u00eda que te ayudar\u00e1 con los preparativos. <br>\u00a1Tom\u00e1 nota!<\/p>\n\n\n<style id=\"kt-blocks_64b55f-06\">#kt-adv-heading_64b55f-06, #kt-adv-heading_64b55f-06 .wp-block-kadence-advancedheading, .wp-block-kadence-advancedheading.kt-adv-heading_64b55f-06[data-kb-block=\"kb-adv-heading_64b55f-06\"], .kadence-advanced-heading-wrapper .kt-adv-heading_64b55f-06[data-kb-block=\"kb-adv-heading_64b55f-06\"]{font-weight:inherit;font-family:-apple-system,BlinkMacSystemFont,\"Segoe UI\",Roboto,Oxygen-Sans,Ubuntu,Cantarell,\"Helvetica Neue\",sans-serif, \"Apple Color Emoji\", \"Segoe UI Emoji\", \"Segoe UI Symbol\";}<\/style>\n<h2 class=\"kt-adv-heading_64b55f-06 wp-block-kadence-advancedheading has-theme-palette-2-color has-text-color\" data-kb-block=\"kb-adv-heading_64b55f-06\"><strong>Los<\/strong> <strong>12 pasos para la organizaci\u00f3n del cumplea\u00f1os de 15 <\/strong><\/h2>\n\n\n<style id=\"kt-blocks_d01ab4-93\">#kt-adv-heading_d01ab4-93, #kt-adv-heading_d01ab4-93 .wp-block-kadence-advancedheading, .wp-block-kadence-advancedheading.kt-adv-heading_d01ab4-93[data-kb-block=\"kb-adv-heading_d01ab4-93\"], .kadence-advanced-heading-wrapper .kt-adv-heading_d01ab4-93[data-kb-block=\"kb-adv-heading_d01ab4-93\"]{font-weight:inherit;font-family:-apple-system,BlinkMacSystemFont,\"Segoe UI\",Roboto,Oxygen-Sans,Ubuntu,Cantarell,\"Helvetica Neue\",sans-serif, \"Apple Color Emoji\", \"Segoe UI Emoji\", \"Segoe UI Symbol\";}<\/style>\n<h3 class=\"kt-adv-heading_d01ab4-93 wp-block-kadence-advancedheading has-theme-palette-2-color has-text-color\" data-kb-block=\"kb-adv-heading_d01ab4-93\">1. Cre\u00e1 la lista de invitados<\/h3>\n\n\n\n<p>Hac\u00e9 un listado de todas las personas con las que te gustar\u00eda compartir tu noche especial. Deber\u00e1s tener presente que esta lista nunca ser\u00e1 la definitiva. M\u00e1s tarde tendr\u00e1s que ir ajustando el n\u00famero de personas acorde al presupuesto que tengas para invertir y al local donde pretend\u00e9s celebrarlo. Recordar que los padres tambi\u00e9n querr\u00e1n invitar a sus amigos.<\/p>\n\n\n<style id=\"kt-blocks_389afd-79\">#kt-adv-heading_389afd-79, #kt-adv-heading_389afd-79 .wp-block-kadence-advancedheading, .wp-block-kadence-advancedheading.kt-adv-heading_389afd-79[data-kb-block=\"kb-adv-heading_389afd-79\"], .kadence-advanced-heading-wrapper .kt-adv-heading_389afd-79[data-kb-block=\"kb-adv-heading_389afd-79\"]{font-weight:inherit;font-family:-apple-system,BlinkMacSystemFont,\"Segoe UI\",Roboto,Oxygen-Sans,Ubuntu,Cantarell,\"Helvetica Neue\",sans-serif, \"Apple Color Emoji\", \"Segoe UI Emoji\", \"Segoe UI Symbol\";}<\/style>\n<h3 class=\"kt-adv-heading_389afd-79 wp-block-kadence-advancedheading has-theme-palette-2-color has-text-color\" data-kb-block=\"kb-adv-heading_389afd-79\">2. Calcul\u00e1 tu presupuesto<\/h3>\n\n\n\n<p>Es fundamental que quien se ocupe de los gastos de la fiesta de 15 a\u00f1os tenga en claro, desde el comienzo, cu\u00e1nto dinero ser\u00e1 destinado al evento. Ese valor,  deber\u00e1 contemplar los extras que puedan surgir. No te olvides que este presupuesto ser\u00e1 la base para empezar a trabajar y planificar toda la fiesta.<\/p>\n\n\n\n<p>\u00a1Ojo! Todos merecen celebrar sus 15 a\u00f1os sin importar su situaci\u00f3n financiera. Para quienes enfrentan restricciones presupuestarias, existen maneras creativas de organizar una fiesta de quince inolvidable y en esta gu\u00eda te daremos algunas ideas que te van a encantar.<\/p>\n\n\n<style id=\"kt-blocks_8b2c48-e5\">#kt-adv-heading_8b2c48-e5, #kt-adv-heading_8b2c48-e5 .wp-block-kadence-advancedheading, .wp-block-kadence-advancedheading.kt-adv-heading_8b2c48-e5[data-kb-block=\"kb-adv-heading_8b2c48-e5\"], .kadence-advanced-heading-wrapper .kt-adv-heading_8b2c48-e5[data-kb-block=\"kb-adv-heading_8b2c48-e5\"]{font-weight:inherit;font-family:-apple-system,BlinkMacSystemFont,\"Segoe UI\",Roboto,Oxygen-Sans,Ubuntu,Cantarell,\"Helvetica Neue\",sans-serif, \"Apple Color Emoji\", \"Segoe UI Emoji\", \"Segoe UI Symbol\";}<\/style>\n<h3 class=\"kt-adv-heading_8b2c48-e5 wp-block-kadence-advancedheading has-theme-palette-2-color has-text-color\" data-kb-block=\"kb-adv-heading_8b2c48-e5\">3. Busc\u00e1 el lugar a tu medida<\/h3>\n\n\n\n<p>Empez\u00e1 con tiempo a recorrer varios locales para elegir el que m\u00e1s se adapte a tu presupuesto y que sea de tu agrado, pero sobre todo que tengan libre la fecha elegida.<\/p>\n\n\n\n<p>Tanto los <a href=\"https:\/\/www.tufiesta.com.uy\/cumple-15\/hoteles-para-fiestas\" target=\"_blank\" rel=\"noreferrer noopener\">salones en hoteles<\/a>, <a href=\"https:\/\/www.tufiesta.com.uy\/cumple-15\/salones-fiestas\" target=\"_blank\" rel=\"noreferrer noopener\">salones de fiestas<\/a>, <a href=\"https:\/\/www.tufiesta.com.uy\/cumple-15\/chacras\" target=\"_blank\" rel=\"noreferrer noopener\">chacras<\/a> como tambi\u00e9n una casa, sirven para organizar una fiesta de 15 a\u00f1os. Y entre ellos, por supuesto, existen opciones para los m\u00e1s variados presupuestos. Desde los m\u00e1s costosos, hasta los m\u00e1s econ\u00f3micos, todos pueden ofrecerte una experiencia fant\u00e1stica.<\/p>\n\n\n\n<p>Una vez elegido, reservalo, de esta forma tendr\u00e1s garantizada la fecha y podr\u00e1s seguir adelante con los dem\u00e1s preparativos.<\/p>\n\n\n\n<div class=\"wp-block-kadence-advancedgallery kb-gallery-wrap-id-_c8c68f-06\"><ul class=\"kb-gallery-ul kb-gallery-type-masonry kb-masonry-init kb-gallery-id-_c8c68f-06 kb-gallery-caption-style-bottom-hover kb-gallery-filter-none\" data-item-selector=\".kadence-blocks-gallery-item\" data-image-filter=\"none\" data-lightbox-caption=\"true\" data-columns-xxl=\"3\" data-columns-xl=\"3\" data-columns-lg=\"3\" data-columns-md=\"2\" data-columns-sm=\"1\" data-columns-xs=\"1\"><li class=\"kadence-blocks-gallery-item\"><div class=\"kadence-blocks-gallery-item-inner\"><figure class=\"kb-gallery-figure kb-gallery-item-has-link kadence-blocks-gallery-item-hide-caption\"><a href=\"https:\/\/www.tufiesta.com.uy\/haras-los-vagones-chacras?&amp;cumple-15\" class=\"kb-gallery-item-link\" target=\"_blank\" rel=\"noopener noreferrer\"><div class=\"kb-gal-image-radius\" style=\"max-width:1200px\"><div class=\"kb-gallery-image-contain kadence-blocks-gallery-intrinsic\" style=\"padding-bottom:66.75%\"><img loading=\"lazy\" src=\"https:\/\/www.tufiesta.com.uy\/blog\/wp-content\/uploads\/2025\/12\/WhatsApp-Image-2025-11-26-at-13.05.17-1-1200x801.jpeg\" width=\"1200\" height=\"801\" alt=\"Haras Los Vagones Chacra Eventos\" data-full-image=\"https:\/\/www.tufiesta.com.uy\/blog\/wp-content\/uploads\/2025\/12\/WhatsApp-Image-2025-11-26-at-13.05.17-1.jpeg\" data-light-image=\"https:\/\/www.tufiesta.com.uy\/blog\/wp-content\/uploads\/2025\/12\/WhatsApp-Image-2025-11-26-at-13.05.17-1.jpeg\" data-id=\"8510\" data-link=\"https:\/\/www.tufiesta.com.uy\/blog\/conoce-la-guia-definitiva-para-organizar-la-fiesta-de-15-anos\/whatsapp-image-2025-11-26-at-13-05-17-1\" data-custom-link=\"https:\/\/www.tufiesta.com.uy\/haras-los-vagones-chacras?&amp;cumple-15\" data-custom-link-target=\"_blank\" class=\"wp-image-8510undefined\" srcset=\"https:\/\/www.tufiesta.com.uy\/blog\/wp-content\/uploads\/2025\/12\/WhatsApp-Image-2025-11-26-at-13.05.17-1-1200x801.jpeg 1200w, https:\/\/www.tufiesta.com.uy\/blog\/wp-content\/uploads\/2025\/12\/WhatsApp-Image-2025-11-26-at-13.05.17-1-300x200.jpeg 300w, https:\/\/www.tufiesta.com.uy\/blog\/wp-content\/uploads\/2025\/12\/WhatsApp-Image-2025-11-26-at-13.05.17-1-768x513.jpeg 768w, https:\/\/www.tufiesta.com.uy\/blog\/wp-content\/uploads\/2025\/12\/WhatsApp-Image-2025-11-26-at-13.05.17-1-1536x1025.jpeg 1536w, https:\/\/www.tufiesta.com.uy\/blog\/wp-content\/uploads\/2025\/12\/WhatsApp-Image-2025-11-26-at-13.05.17-1.jpeg 1600w\" sizes=\"(max-width: 1200px) 100vw, 1200px\" \/><\/div><div class=\"kadence-blocks-gallery-item__caption\">Haras Los Vagones &#8211; Chacra para cumplea\u00f1os de 15<\/div><\/div><\/a><\/figure><\/div><\/li><li class=\"kadence-blocks-gallery-item\"><div class=\"kadence-blocks-gallery-item-inner\"><figure class=\"kb-gallery-figure kb-gallery-item-has-link kadence-blocks-gallery-item-hide-caption\"><a href=\"https:\/\/www.tufiesta.com.uy\/la-hungara-chacras?&amp;cumple-15\" class=\"kb-gallery-item-link\" target=\"_blank\" rel=\"noopener noreferrer\"><div class=\"kb-gal-image-radius\" style=\"max-width:480px\"><div class=\"kb-gallery-image-contain kadence-blocks-gallery-intrinsic\" style=\"padding-bottom:133.33333333333331%\"><img loading=\"lazy\" src=\"https:\/\/www.tufiesta.com.uy\/blog\/wp-content\/uploads\/2025\/02\/IMG_3250.jpg\" width=\"480\" height=\"640\" alt=\"Chacra La H\u00fangara para cumplea\u00f1os de 15\" data-full-image=\"https:\/\/www.tufiesta.com.uy\/blog\/wp-content\/uploads\/2025\/02\/IMG_3250.jpg\" data-light-image=\"https:\/\/www.tufiesta.com.uy\/blog\/wp-content\/uploads\/2025\/02\/IMG_3250.jpg\" data-id=\"8517\" data-link=\"https:\/\/www.tufiesta.com.uy\/blog\/conoce-la-guia-definitiva-para-organizar-la-fiesta-de-15-anos\/img_3250\" data-custom-link=\"https:\/\/www.tufiesta.com.uy\/la-hungara-chacras?&amp;cumple-15\" data-custom-link-target=\"_blank\" class=\"wp-image-8517undefined\" srcset=\"https:\/\/www.tufiesta.com.uy\/blog\/wp-content\/uploads\/2025\/02\/IMG_3250.jpg 480w, https:\/\/www.tufiesta.com.uy\/blog\/wp-content\/uploads\/2025\/02\/IMG_3250-225x300.jpg 225w\" sizes=\"(max-width: 480px) 100vw, 480px\" \/><\/div><div class=\"kadence-blocks-gallery-item__caption\">La H\u00fangara &#8211; Chacra para fiestas de 15<\/div><\/div><\/a><\/figure><\/div><\/li><li class=\"kadence-blocks-gallery-item\"><div class=\"kadence-blocks-gallery-item-inner\"><figure class=\"kb-gallery-figure kb-gallery-item-has-link kadence-blocks-gallery-item-hide-caption\"><a href=\"https:\/\/www.tufiesta.com.uy\/los-tilos-chacras?&amp;cumple-15\" class=\"kb-gallery-item-link\" target=\"_blank\" rel=\"noopener noreferrer\"><div class=\"kb-gal-image-radius\" style=\"max-width:1200px\"><div class=\"kb-gallery-image-contain kadence-blocks-gallery-intrinsic\" style=\"padding-bottom:66.66666666666666%\"><img loading=\"lazy\" src=\"https:\/\/www.tufiesta.com.uy\/blog\/wp-content\/uploads\/2025\/02\/DSC_0195-1200x800.jpg\" width=\"1200\" height=\"800\" alt=\"Chacra Los Tilos para cumplea\u00f1os de 15\" data-full-image=\"https:\/\/www.tufiesta.com.uy\/blog\/wp-content\/uploads\/2025\/02\/DSC_0195.jpg\" data-light-image=\"https:\/\/www.tufiesta.com.uy\/blog\/wp-content\/uploads\/2025\/02\/DSC_0195.jpg\" data-id=\"8518\" data-link=\"https:\/\/www.tufiesta.com.uy\/blog\/conoce-la-guia-definitiva-para-organizar-la-fiesta-de-15-anos\/dsc_0195\" data-custom-link=\"https:\/\/www.tufiesta.com.uy\/los-tilos-chacras?&amp;cumple-15\" data-custom-link-target=\"_blank\" class=\"wp-image-8518undefined\" srcset=\"https:\/\/www.tufiesta.com.uy\/blog\/wp-content\/uploads\/2025\/02\/DSC_0195-1200x800.jpg 1200w, https:\/\/www.tufiesta.com.uy\/blog\/wp-content\/uploads\/2025\/02\/DSC_0195-300x200.jpg 300w, https:\/\/www.tufiesta.com.uy\/blog\/wp-content\/uploads\/2025\/02\/DSC_0195-768x512.jpg 768w, https:\/\/www.tufiesta.com.uy\/blog\/wp-content\/uploads\/2025\/02\/DSC_0195-1536x1024.jpg 1536w, https:\/\/www.tufiesta.com.uy\/blog\/wp-content\/uploads\/2025\/02\/DSC_0195.jpg 2048w\" sizes=\"(max-width: 1200px) 100vw, 1200px\" \/><\/div><div class=\"kadence-blocks-gallery-item__caption\">Chacra para fiestas de 15 Los Tilos<\/div><\/div><\/a><\/figure><\/div><\/li><li class=\"kadence-blocks-gallery-item\"><div class=\"kadence-blocks-gallery-item-inner\"><figure class=\"kb-gallery-figure kb-gallery-item-has-link kadence-blocks-gallery-item-hide-caption\"><a href=\"https:\/\/www.tufiesta.com.uy\/cielo-fiestas-y-eventos-salones-de-fiestas?&amp;cumple-15\" class=\"kb-gallery-item-link\" target=\"_blank\" rel=\"noopener noreferrer\"><div class=\"kb-gal-image-radius\" style=\"max-width:1200px\"><div class=\"kb-gallery-image-contain kadence-blocks-gallery-intrinsic\" style=\"padding-bottom:63.916666666666664%\"><img loading=\"lazy\" src=\"https:\/\/www.tufiesta.com.uy\/blog\/wp-content\/uploads\/2025\/02\/salones-de-fiestas-cielo-fiestas-y-eventos-11-1200x767.jpg\" width=\"1200\" height=\"767\" alt=\"Sal\u00f3n de Fiestas Cielo Eventos\" data-full-image=\"https:\/\/www.tufiesta.com.uy\/blog\/wp-content\/uploads\/2025\/02\/salones-de-fiestas-cielo-fiestas-y-eventos-11.jpg\" data-light-image=\"https:\/\/www.tufiesta.com.uy\/blog\/wp-content\/uploads\/2025\/02\/salones-de-fiestas-cielo-fiestas-y-eventos-11.jpg\" data-id=\"8513\" data-link=\"https:\/\/www.tufiesta.com.uy\/blog\/conoce-la-guia-definitiva-para-organizar-la-fiesta-de-15-anos\/salones-de-fiestas-cielo-fiestas-y-eventos-11\" data-custom-link=\"https:\/\/www.tufiesta.com.uy\/cielo-fiestas-y-eventos-salones-de-fiestas?&amp;cumple-15\" data-custom-link-target=\"_blank\" class=\"wp-image-8513undefined\" srcset=\"https:\/\/www.tufiesta.com.uy\/blog\/wp-content\/uploads\/2025\/02\/salones-de-fiestas-cielo-fiestas-y-eventos-11-1200x767.jpg 1200w, https:\/\/www.tufiesta.com.uy\/blog\/wp-content\/uploads\/2025\/02\/salones-de-fiestas-cielo-fiestas-y-eventos-11-300x192.jpg 300w, https:\/\/www.tufiesta.com.uy\/blog\/wp-content\/uploads\/2025\/02\/salones-de-fiestas-cielo-fiestas-y-eventos-11-768x491.jpg 768w, https:\/\/www.tufiesta.com.uy\/blog\/wp-content\/uploads\/2025\/02\/salones-de-fiestas-cielo-fiestas-y-eventos-11.jpg 1440w\" sizes=\"(max-width: 1200px) 100vw, 1200px\" \/><\/div><div class=\"kadence-blocks-gallery-item__caption\">Cielo Fiestas &#8211; Sal\u00f3n para cumplea\u00f1os de 15<\/div><\/div><\/a><\/figure><\/div><\/li><li class=\"kadence-blocks-gallery-item\"><div class=\"kadence-blocks-gallery-item-inner\"><figure class=\"kb-gallery-figure kb-gallery-item-has-link kadence-blocks-gallery-item-hide-caption\"><a href=\"https:\/\/www.tufiesta.com.uy\/portofino-country-house-chacras?&amp;cumple-15\" class=\"kb-gallery-item-link\" target=\"_blank\" rel=\"noopener noreferrer\"><div class=\"kb-gal-image-radius\" style=\"max-width:900px\"><div class=\"kb-gallery-image-contain kadence-blocks-gallery-intrinsic\" style=\"padding-bottom:133.33333333333331%\"><img loading=\"lazy\" src=\"https:\/\/www.tufiesta.com.uy\/blog\/wp-content\/uploads\/2025\/12\/WhatsApp-Image-2025-09-18-at-20.33.28-2-900x1200.jpeg\" width=\"900\" height=\"1200\" alt=\"sal\u00f3n para fiesta de 15 Portofino Country House\" data-full-image=\"https:\/\/www.tufiesta.com.uy\/blog\/wp-content\/uploads\/2025\/12\/WhatsApp-Image-2025-09-18-at-20.33.28-2.jpeg\" data-light-image=\"https:\/\/www.tufiesta.com.uy\/blog\/wp-content\/uploads\/2025\/12\/WhatsApp-Image-2025-09-18-at-20.33.28-2.jpeg\" data-id=\"8520\" data-link=\"https:\/\/www.tufiesta.com.uy\/blog\/conoce-la-guia-definitiva-para-organizar-la-fiesta-de-15-anos\/whatsapp-image-2025-09-18-at-20-33-28-2\" data-custom-link=\"https:\/\/www.tufiesta.com.uy\/portofino-country-house-chacras?&amp;cumple-15\" data-custom-link-target=\"_blank\" class=\"wp-image-8520undefined\" srcset=\"https:\/\/www.tufiesta.com.uy\/blog\/wp-content\/uploads\/2025\/12\/WhatsApp-Image-2025-09-18-at-20.33.28-2-900x1200.jpeg 900w, https:\/\/www.tufiesta.com.uy\/blog\/wp-content\/uploads\/2025\/12\/WhatsApp-Image-2025-09-18-at-20.33.28-2-225x300.jpeg 225w, https:\/\/www.tufiesta.com.uy\/blog\/wp-content\/uploads\/2025\/12\/WhatsApp-Image-2025-09-18-at-20.33.28-2-768x1024.jpeg 768w, https:\/\/www.tufiesta.com.uy\/blog\/wp-content\/uploads\/2025\/12\/WhatsApp-Image-2025-09-18-at-20.33.28-2-1152x1536.jpeg 1152w, https:\/\/www.tufiesta.com.uy\/blog\/wp-content\/uploads\/2025\/12\/WhatsApp-Image-2025-09-18-at-20.33.28-2.jpeg 1200w\" sizes=\"(max-width: 900px) 100vw, 900px\" \/><\/div><div class=\"kadence-blocks-gallery-item__caption\">Chacra para fiesta de 15 Country House<\/div><\/div><\/a><\/figure><\/div><\/li><li class=\"kadence-blocks-gallery-item\"><div class=\"kadence-blocks-gallery-item-inner\"><figure class=\"kb-gallery-figure kb-gallery-item-has-link kadence-blocks-gallery-item-hide-caption\"><a href=\"https:\/\/www.tufiesta.com.uy\/la-maison-du-lac-ton-ton-salones-de-fiestas?&amp;cumple-15\" class=\"kb-gallery-item-link\" target=\"_blank\" rel=\"noopener noreferrer\"><div class=\"kb-gal-image-radius\" style=\"max-width:1200px\"><div class=\"kb-gallery-image-contain kadence-blocks-gallery-intrinsic\" style=\"padding-bottom:75%\"><img loading=\"lazy\" src=\"https:\/\/www.tufiesta.com.uy\/blog\/wp-content\/uploads\/2025\/02\/WhatsApp-Image-2025-10-30-at-18.47.05-1-1200x900.jpeg\" width=\"1200\" height=\"900\" alt=\"La Maison Du Lac Ton Ton\" data-full-image=\"https:\/\/www.tufiesta.com.uy\/blog\/wp-content\/uploads\/2025\/02\/WhatsApp-Image-2025-10-30-at-18.47.05-1.jpeg\" data-light-image=\"https:\/\/www.tufiesta.com.uy\/blog\/wp-content\/uploads\/2025\/02\/WhatsApp-Image-2025-10-30-at-18.47.05-1.jpeg\" data-id=\"8519\" data-link=\"https:\/\/www.tufiesta.com.uy\/blog\/conoce-la-guia-definitiva-para-organizar-la-fiesta-de-15-anos\/whatsapp-image-2025-10-30-at-18-47-05-1\" data-custom-link=\"https:\/\/www.tufiesta.com.uy\/la-maison-du-lac-ton-ton-salones-de-fiestas?&amp;cumple-15\" data-custom-link-target=\"_blank\" class=\"wp-image-8519undefined\" srcset=\"https:\/\/www.tufiesta.com.uy\/blog\/wp-content\/uploads\/2025\/02\/WhatsApp-Image-2025-10-30-at-18.47.05-1-1200x900.jpeg 1200w, https:\/\/www.tufiesta.com.uy\/blog\/wp-content\/uploads\/2025\/02\/WhatsApp-Image-2025-10-30-at-18.47.05-1-300x225.jpeg 300w, https:\/\/www.tufiesta.com.uy\/blog\/wp-content\/uploads\/2025\/02\/WhatsApp-Image-2025-10-30-at-18.47.05-1-768x576.jpeg 768w, https:\/\/www.tufiesta.com.uy\/blog\/wp-content\/uploads\/2025\/02\/WhatsApp-Image-2025-10-30-at-18.47.05-1-1536x1152.jpeg 1536w, https:\/\/www.tufiesta.com.uy\/blog\/wp-content\/uploads\/2025\/02\/WhatsApp-Image-2025-10-30-at-18.47.05-1.jpeg 2048w\" sizes=\"(max-width: 1200px) 100vw, 1200px\" \/><\/div><div class=\"kadence-blocks-gallery-item__caption\">Sal\u00f3n para fiestas de 15 La Maison Du Lac Ton Ton<\/div><\/div><\/a><\/figure><\/div><\/li><li class=\"kadence-blocks-gallery-item\"><div class=\"kadence-blocks-gallery-item-inner\"><figure class=\"kb-gallery-figure kb-gallery-item-has-link kadence-blocks-gallery-item-hide-caption\"><a href=\"https:\/\/www.tufiesta.com.uy\/harascarrascochacraeventos-chacras?&amp;cumple-15\" class=\"kb-gallery-item-link\" target=\"_blank\" rel=\"noopener noreferrer\"><div class=\"kb-gal-image-radius\" style=\"max-width:600px\"><div class=\"kb-gallery-image-contain kadence-blocks-gallery-intrinsic\" style=\"padding-bottom:66.66666666666666%\"><img loading=\"lazy\" src=\"https:\/\/www.tufiesta.com.uy\/blog\/wp-content\/uploads\/2023\/08\/salon-de-fiestas-guia-para-organizar-tu-fiesta-de-15-haras-carrasco-1.jpg\" width=\"600\" height=\"400\" alt=\"Haras Carrasco - Chacra para fiestas de 15\" data-full-image=\"https:\/\/www.tufiesta.com.uy\/blog\/wp-content\/uploads\/2023\/08\/salon-de-fiestas-guia-para-organizar-tu-fiesta-de-15-haras-carrasco-1.jpg\" data-light-image=\"https:\/\/www.tufiesta.com.uy\/blog\/wp-content\/uploads\/2023\/08\/salon-de-fiestas-guia-para-organizar-tu-fiesta-de-15-haras-carrasco-1.jpg\" data-id=\"5559\" data-link=\"https:\/\/www.tufiesta.com.uy\/blog\/conoce-la-guia-definitiva-para-organizar-la-fiesta-de-15-anos\/salon-de-fiestas-guia-para-organizar-tu-fiesta-de-15-haras-carrasco-1\" data-custom-link=\"https:\/\/www.tufiesta.com.uy\/harascarrascochacraeventos-chacras?&amp;cumple-15\" data-custom-link-target=\"_blank\" class=\"wp-image-5559undefined\" srcset=\"https:\/\/www.tufiesta.com.uy\/blog\/wp-content\/uploads\/2023\/08\/salon-de-fiestas-guia-para-organizar-tu-fiesta-de-15-haras-carrasco-1.jpg 600w, https:\/\/www.tufiesta.com.uy\/blog\/wp-content\/uploads\/2023\/08\/salon-de-fiestas-guia-para-organizar-tu-fiesta-de-15-haras-carrasco-1-300x200.jpg 300w\" sizes=\"(max-width: 600px) 100vw, 600px\" \/><\/div><div class=\"kadence-blocks-gallery-item__caption\">Haras Carrasco Chacra Eventos<\/div><\/div><\/a><\/figure><\/div><\/li><li class=\"kadence-blocks-gallery-item\"><div class=\"kadence-blocks-gallery-item-inner\"><figure class=\"kb-gallery-figure kb-gallery-item-has-link kadence-blocks-gallery-item-hide-caption\"><a href=\"https:\/\/www.tufiesta.com.uy\/altos-de-la-via-salones-de-fiestas?&amp;cumple-15\" class=\"kb-gallery-item-link\" target=\"_blank\" rel=\"noopener noreferrer\"><div class=\"kb-gal-image-radius\" style=\"max-width:600px\"><div class=\"kb-gallery-image-contain kadence-blocks-gallery-intrinsic\" style=\"padding-bottom:66.66666666666666%\"><img loading=\"lazy\" src=\"https:\/\/www.tufiesta.com.uy\/blog\/wp-content\/uploads\/2023\/08\/salon-de-fiestas-guia-para-organizar-tu-fiesta-de-15-altos-de-la-via-1.jpg\" width=\"600\" height=\"400\" alt=\"Sal\u00f3n para fiestas de 15 Altos de la V\u00eda\" data-full-image=\"https:\/\/www.tufiesta.com.uy\/blog\/wp-content\/uploads\/2023\/08\/salon-de-fiestas-guia-para-organizar-tu-fiesta-de-15-altos-de-la-via-1.jpg\" data-light-image=\"https:\/\/www.tufiesta.com.uy\/blog\/wp-content\/uploads\/2023\/08\/salon-de-fiestas-guia-para-organizar-tu-fiesta-de-15-altos-de-la-via-1.jpg\" data-id=\"5560\" data-link=\"https:\/\/www.tufiesta.com.uy\/blog\/conoce-la-guia-definitiva-para-organizar-la-fiesta-de-15-anos\/salon-de-fiestas-guia-para-organizar-tu-fiesta-de-15-altos-de-la-via-1\" data-custom-link=\"https:\/\/www.tufiesta.com.uy\/altos-de-la-via-salones-de-fiestas?&amp;cumple-15\" data-custom-link-target=\"_blank\" class=\"wp-image-5560undefined\" srcset=\"https:\/\/www.tufiesta.com.uy\/blog\/wp-content\/uploads\/2023\/08\/salon-de-fiestas-guia-para-organizar-tu-fiesta-de-15-altos-de-la-via-1.jpg 600w, https:\/\/www.tufiesta.com.uy\/blog\/wp-content\/uploads\/2023\/08\/salon-de-fiestas-guia-para-organizar-tu-fiesta-de-15-altos-de-la-via-1-300x200.jpg 300w\" sizes=\"(max-width: 600px) 100vw, 600px\" \/><\/div><div class=\"kadence-blocks-gallery-item__caption\">Sal\u00f3n Altos de la V\u00eda<\/div><\/div><\/a><\/figure><\/div><\/li><li class=\"kadence-blocks-gallery-item\"><div class=\"kadence-blocks-gallery-item-inner\"><figure class=\"kb-gallery-figure kb-gallery-item-has-link kadence-blocks-gallery-item-hide-caption\"><a href=\"https:\/\/www.tufiesta.com.uy\/salon-portofino-salones-de-fiestas?&amp;cumple-15\" class=\"kb-gallery-item-link\" target=\"_blank\" rel=\"noopener noreferrer\"><div class=\"kb-gal-image-radius\" style=\"max-width:1200px\"><div class=\"kb-gallery-image-contain kadence-blocks-gallery-intrinsic\" style=\"padding-bottom:66.66666666666666%\"><img loading=\"lazy\" src=\"https:\/\/www.tufiesta.com.uy\/blog\/wp-content\/uploads\/2025\/02\/WhatsApp-Image-2025-09-18-at-20.31.20-1200x800.jpeg\" width=\"1200\" height=\"800\" alt=\"sal\u00f3n para fiesta de 15 Barbacoa Portofino\" data-full-image=\"https:\/\/www.tufiesta.com.uy\/blog\/wp-content\/uploads\/2025\/02\/WhatsApp-Image-2025-09-18-at-20.31.20.jpeg\" data-light-image=\"https:\/\/www.tufiesta.com.uy\/blog\/wp-content\/uploads\/2025\/02\/WhatsApp-Image-2025-09-18-at-20.31.20.jpeg\" data-id=\"8521\" data-link=\"https:\/\/www.tufiesta.com.uy\/blog\/conoce-la-guia-definitiva-para-organizar-la-fiesta-de-15-anos\/whatsapp-image-2025-09-18-at-20-31-20\" data-custom-link=\"https:\/\/www.tufiesta.com.uy\/salon-portofino-salones-de-fiestas?&amp;cumple-15\" data-custom-link-target=\"_blank\" class=\"wp-image-8521undefined\" srcset=\"https:\/\/www.tufiesta.com.uy\/blog\/wp-content\/uploads\/2025\/02\/WhatsApp-Image-2025-09-18-at-20.31.20-1200x800.jpeg 1200w, https:\/\/www.tufiesta.com.uy\/blog\/wp-content\/uploads\/2025\/02\/WhatsApp-Image-2025-09-18-at-20.31.20-300x200.jpeg 300w, https:\/\/www.tufiesta.com.uy\/blog\/wp-content\/uploads\/2025\/02\/WhatsApp-Image-2025-09-18-at-20.31.20-768x512.jpeg 768w, https:\/\/www.tufiesta.com.uy\/blog\/wp-content\/uploads\/2025\/02\/WhatsApp-Image-2025-09-18-at-20.31.20-1536x1023.jpeg 1536w, https:\/\/www.tufiesta.com.uy\/blog\/wp-content\/uploads\/2025\/02\/WhatsApp-Image-2025-09-18-at-20.31.20.jpeg 1600w\" sizes=\"(max-width: 1200px) 100vw, 1200px\" \/><\/div><div class=\"kadence-blocks-gallery-item__caption\">Sal\u00f3n para fiesta de 15 Barbacoa Portofino <\/div><\/div><\/a><\/figure><\/div><\/li><li class=\"kadence-blocks-gallery-item\"><div class=\"kadence-blocks-gallery-item-inner\"><figure class=\"kb-gallery-figure kb-gallery-item-has-link kadence-blocks-gallery-item-hide-caption\"><a href=\"https:\/\/www.tufiesta.com.uy\/salon-portofino-salones-de-fiestas?&amp;cumple-15\" class=\"kb-gallery-item-link\" target=\"_blank\" rel=\"noopener noreferrer\"><div class=\"kb-gal-image-radius\" style=\"max-width:1200px\"><div class=\"kb-gallery-image-contain kadence-blocks-gallery-intrinsic\" style=\"padding-bottom:60.083333333333336%\"><img loading=\"lazy\" src=\"https:\/\/www.tufiesta.com.uy\/blog\/wp-content\/uploads\/2025\/02\/WhatsApp-Image-2025-09-18-at-20.32.27-1200x721.jpeg\" width=\"1200\" height=\"721\" alt=\"Sal\u00f3n para fiesta de 15 Portofino\" data-full-image=\"https:\/\/www.tufiesta.com.uy\/blog\/wp-content\/uploads\/2025\/02\/WhatsApp-Image-2025-09-18-at-20.32.27.jpeg\" data-light-image=\"https:\/\/www.tufiesta.com.uy\/blog\/wp-content\/uploads\/2025\/02\/WhatsApp-Image-2025-09-18-at-20.32.27.jpeg\" data-id=\"8522\" data-link=\"https:\/\/www.tufiesta.com.uy\/blog\/conoce-la-guia-definitiva-para-organizar-la-fiesta-de-15-anos\/whatsapp-image-2025-09-18-at-20-32-27\" data-custom-link=\"https:\/\/www.tufiesta.com.uy\/salon-portofino-salones-de-fiestas?&amp;cumple-15\" data-custom-link-target=\"_blank\" class=\"wp-image-8522undefined\" srcset=\"https:\/\/www.tufiesta.com.uy\/blog\/wp-content\/uploads\/2025\/02\/WhatsApp-Image-2025-09-18-at-20.32.27-1200x721.jpeg 1200w, https:\/\/www.tufiesta.com.uy\/blog\/wp-content\/uploads\/2025\/02\/WhatsApp-Image-2025-09-18-at-20.32.27-300x180.jpeg 300w, https:\/\/www.tufiesta.com.uy\/blog\/wp-content\/uploads\/2025\/02\/WhatsApp-Image-2025-09-18-at-20.32.27-768x461.jpeg 768w, https:\/\/www.tufiesta.com.uy\/blog\/wp-content\/uploads\/2025\/02\/WhatsApp-Image-2025-09-18-at-20.32.27-1536x923.jpeg 1536w, https:\/\/www.tufiesta.com.uy\/blog\/wp-content\/uploads\/2025\/02\/WhatsApp-Image-2025-09-18-at-20.32.27.jpeg 1600w\" sizes=\"(max-width: 1200px) 100vw, 1200px\" \/><\/div><div class=\"kadence-blocks-gallery-item__caption\">Portofino sal\u00f3n de fiestas para cumplea\u00f1os de 15<\/div><\/div><\/a><\/figure><\/div><\/li><\/ul><\/div>\n\n\n<style id=\"kt-blocks_657d71-0d\">#kt-adv-heading_657d71-0d, #kt-adv-heading_657d71-0d .wp-block-kadence-advancedheading, .wp-block-kadence-advancedheading.kt-adv-heading_657d71-0d[data-kb-block=\"kb-adv-heading_657d71-0d\"], .kadence-advanced-heading-wrapper .kt-adv-heading_657d71-0d[data-kb-block=\"kb-adv-heading_657d71-0d\"]{font-weight:inherit;font-family:-apple-system,BlinkMacSystemFont,\"Segoe UI\",Roboto,Oxygen-Sans,Ubuntu,Cantarell,\"Helvetica Neue\",sans-serif, \"Apple Color Emoji\", \"Segoe UI Emoji\", \"Segoe UI Symbol\";}<\/style>\n<h3 class=\"kt-adv-heading_657d71-0d wp-block-kadence-advancedheading has-theme-palette-2-color has-text-color\" data-kb-block=\"kb-adv-heading_657d71-0d\">4. Eleg\u00ed el vestido de tus sue\u00f1os<\/h3>\n\n\n\n<p>Descubr\u00ed un <a href=\"https:\/\/www.tufiesta.com.uy\/cumple-15\/vestidos-quince\" target=\"_blank\" rel=\"noreferrer noopener\">vestido de fiesta<\/a> o atuendo que te haga sentir radiante. Es probable que en tu mente lo tengas definido, pero deber\u00e1s probarte varios <a href=\"https:\/\/www.tufiesta.com.uy\/cumple-15\/alquiler-de-vestidos-de-fiesta\" target=\"_blank\" rel=\"noreferrer noopener\">vestidos<\/a> y eso lleva tiempo, a\u00fan m\u00e1s si te vas a hacer uno o varios vestidos a medida. Es fundamental que te sientas confortable con la ropa que elijas.<\/p>\n\n\n\n<p>Por otro lado, si no dese\u00e1s gastar demasiado en este \u00edtem, existen muchas opciones asequibles que te har\u00e1n lucir como una princesa.<\/p>\n\n\n<style id=\"kt-blocks_894a8b-5d\">#kt-layout-id_894a8b-5d > .kt-row-column-wrap{padding-top:10px;padding-bottom:10px;}<\/style>\n<div class=\"wp-block-kadence-rowlayout alignnone\"><div id=\"kt-layout-id_894a8b-5d\" class=\"kt-row-layout-inner kt-layout-id_894a8b-5d\"><div class=\"kt-row-column-wrap kt-has-1-columns kt-gutter-skinny kt-v-gutter-default kt-row-valign-top kt-row-layout-equal kt-tab-layout-inherit kt-m-colapse-left-to-right kt-mobile-layout-row\">\n<div class=\"wp-block-kadence-column inner-column-1 kadence-column_77b1f9-af\"><div class=\"kt-inside-inner-col\"><style id=\"kt-blocks_ffe3df-9e\">.kb-image_ffe3df-9e .kb-img{border-radius:0 0 0 0;}<\/style>\n<div class=\"wp-block-kadence-image kb-image_ffe3df-9e\"><figure class=\"aligncenter size-full\"><img loading=\"lazy\" width=\"600\" height=\"400\" src=\"https:\/\/www.tufiesta.com.uy\/blog\/wp-content\/uploads\/2023\/08\/vestido-de-15-guia-para-organizar-tu-fiesta-de-15-nico-marteau-1.jpg\" alt=\"Vestido de 15\" class=\"kb-img wp-image-5552\" title=\"Sal\u00f3n Altos de la V\u00eda\" srcset=\"https:\/\/www.tufiesta.com.uy\/blog\/wp-content\/uploads\/2023\/08\/vestido-de-15-guia-para-organizar-tu-fiesta-de-15-nico-marteau-1.jpg 600w, https:\/\/www.tufiesta.com.uy\/blog\/wp-content\/uploads\/2023\/08\/vestido-de-15-guia-para-organizar-tu-fiesta-de-15-nico-marteau-1-300x200.jpg 300w\" sizes=\"(max-width: 600px) 100vw, 600px\" \/><figcaption>Foto: gentileza de Nico Marteau<\/figcaption><\/figure><\/div>\n<\/div><\/div>\n<\/div><\/div><\/div>\n\n\n<style id=\"kt-blocks_6251d9-79\">#kt-adv-heading_6251d9-79, #kt-adv-heading_6251d9-79 .wp-block-kadence-advancedheading, .wp-block-kadence-advancedheading.kt-adv-heading_6251d9-79[data-kb-block=\"kb-adv-heading_6251d9-79\"], .kadence-advanced-heading-wrapper .kt-adv-heading_6251d9-79[data-kb-block=\"kb-adv-heading_6251d9-79\"]{font-weight:inherit;font-family:-apple-system,BlinkMacSystemFont,\"Segoe UI\",Roboto,Oxygen-Sans,Ubuntu,Cantarell,\"Helvetica Neue\",sans-serif, \"Apple Color Emoji\", \"Segoe UI Emoji\", \"Segoe UI Symbol\";}<\/style>\n<h3 class=\"kt-adv-heading_6251d9-79 wp-block-kadence-advancedheading has-theme-palette-2-color has-text-color\" data-kb-block=\"kb-adv-heading_6251d9-79\">5. Decid\u00ed entre invitaciones tradicionales o invitaciones originales<\/h3>\n\n\n\n<p>Las invitaciones son la primera impresi\u00f3n de tu fiesta de cumplea\u00f1os de 15. Si busc\u00e1s invitaciones tradicionales en papel, podr\u00e1s encargarlas en una imprenta especializada dos o tres meses antes del evento. En cambio, si te gusta algo m\u00e1s original, y no quer\u00e9s invertir demasiado, podr\u00e1s elegir invitaciones predise\u00f1adas en un programa gratuito de dise\u00f1o en l\u00ednea e imprimir tus propias tarjetas para ahorrar dinero. <\/p>\n\n\n\n<p>Otra opci\u00f3n que est\u00e1 en tendencia son las <a href=\"https:\/\/www.tufiesta.com.uy\/cumple-15\/invitaciones-fiestas\">invitaciones digitales<\/a> \u00bfPor qu\u00e9 optar por ellas? Son amigables con el bolsillo y el medioambiente, y adem\u00e1s podr\u00e1s personalizarlas seg\u00fan tu estilo. Acordate, \u00a1la creatividad no tiene l\u00edmites! <br>Ten\u00e9 en cuenta que deber\u00e1s entregarlas o enviarlas un mes antes de tu fiesta.<\/p>\n\n\n\n<p>Por otra parte, no te olvides de colocar en la invitaci\u00f3n, el c\u00f3digo de vestimenta, sobre todo si la fiesta es tem\u00e1tica, un tel\u00e9fono para que los invitados confirmen su presencia y los datos de tu cuenta de colectivo.  <\/p>\n\n\n<style id=\"kt-blocks_2f02fc-25\">#kt-layout-id_2f02fc-25 > .kt-row-column-wrap{padding-top:10px;padding-bottom:10px;}<\/style>\n<div class=\"wp-block-kadence-rowlayout alignnone\"><div id=\"kt-layout-id_2f02fc-25\" class=\"kt-row-layout-inner kt-layout-id_2f02fc-25\"><div class=\"kt-row-column-wrap kt-has-2-columns kt-gutter-skinny kt-v-gutter-default kt-row-valign-top kt-row-layout-equal kt-tab-layout-inherit kt-m-colapse-left-to-right kt-mobile-layout-row\">\n<div class=\"wp-block-kadence-column inner-column-1 kadence-column_339204-49\"><div class=\"kt-inside-inner-col\">\n<div class=\"wp-block-kadence-image kb-image_678b7d-4a\"><figure class=\"aligncenter size-large\"><a href=\"https:\/\/www.tufiesta.com.uy\/selene-design-tarjeteria-e-invitaciones-digitales?&amp;cumple15\" class=\"kb-advanced-image-link\" target=\"_blank\" rel=\"noopener noreferrer\"><img loading=\"lazy\" width=\"1200\" height=\"767\" src=\"https:\/\/www.tufiesta.com.uy\/blog\/wp-content\/uploads\/2023\/08\/cumple-15tarjeteria-invitaciones-digitales-selene-design-1-1200x767.jpg\" alt=\"Invitaciones Digitales para fiestas de 15\" class=\"kb-img wp-image-5580\" srcset=\"https:\/\/www.tufiesta.com.uy\/blog\/wp-content\/uploads\/2023\/08\/cumple-15tarjeteria-invitaciones-digitales-selene-design-1-1200x767.jpg 1200w, https:\/\/www.tufiesta.com.uy\/blog\/wp-content\/uploads\/2023\/08\/cumple-15tarjeteria-invitaciones-digitales-selene-design-1-300x192.jpg 300w, https:\/\/www.tufiesta.com.uy\/blog\/wp-content\/uploads\/2023\/08\/cumple-15tarjeteria-invitaciones-digitales-selene-design-1-768x491.jpg 768w, https:\/\/www.tufiesta.com.uy\/blog\/wp-content\/uploads\/2023\/08\/cumple-15tarjeteria-invitaciones-digitales-selene-design-1.jpg 1440w\" sizes=\"(max-width: 1200px) 100vw, 1200px\" \/><\/a><figcaption><a href=\"https:\/\/www.tufiesta.com.uy\/selene-design-tarjeteria-e-invitaciones-digitales?&amp;cumple-15\" target=\"_blank\" rel=\"noreferrer noopener\">Selene Design<\/a><\/figcaption><\/figure><\/div>\n<\/div><\/div>\n\n\n\n<div class=\"wp-block-kadence-column inner-column-2 kadence-column_15f2e5-50\"><div class=\"kt-inside-inner-col\">\n<div class=\"wp-block-kadence-image kb-image_1b3d1b-62\"><figure class=\"aligncenter size-large\"><img loading=\"lazy\" width=\"1200\" height=\"767\" src=\"https:\/\/www.tufiesta.com.uy\/blog\/wp-content\/uploads\/2023\/08\/cumple-15-tarjeteria-e-invitaciones-digittales-freak-invitaciones-1200x767.png\" alt=\"Invitaciones Digitales para cumplea\u00f1os de 15\" class=\"kb-img wp-image-5628\" srcset=\"https:\/\/www.tufiesta.com.uy\/blog\/wp-content\/uploads\/2023\/08\/cumple-15-tarjeteria-e-invitaciones-digittales-freak-invitaciones-1200x767.png 1200w, https:\/\/www.tufiesta.com.uy\/blog\/wp-content\/uploads\/2023\/08\/cumple-15-tarjeteria-e-invitaciones-digittales-freak-invitaciones-300x192.png 300w, https:\/\/www.tufiesta.com.uy\/blog\/wp-content\/uploads\/2023\/08\/cumple-15-tarjeteria-e-invitaciones-digittales-freak-invitaciones-768x491.png 768w, https:\/\/www.tufiesta.com.uy\/blog\/wp-content\/uploads\/2023\/08\/cumple-15-tarjeteria-e-invitaciones-digittales-freak-invitaciones.png 1440w\" sizes=\"(max-width: 1200px) 100vw, 1200px\" \/><figcaption><a href=\"https:\/\/www.tufiesta.com.uy\/freak-invitaciones-tarjeteria-e-invitaciones-digitales?cumple-15\" target=\"_blank\" rel=\"noreferrer noopener\">Freak Invitaciones<\/a><\/figcaption><\/figure><\/div>\n<\/div><\/div>\n<\/div><\/div><\/div>\n\n\n<style id=\"kt-blocks_1266da-1a\">#kt-adv-heading_1266da-1a, #kt-adv-heading_1266da-1a .wp-block-kadence-advancedheading, .wp-block-kadence-advancedheading.kt-adv-heading_1266da-1a[data-kb-block=\"kb-adv-heading_1266da-1a\"], .kadence-advanced-heading-wrapper .kt-adv-heading_1266da-1a[data-kb-block=\"kb-adv-heading_1266da-1a\"]{font-weight:inherit;font-family:-apple-system,BlinkMacSystemFont,\"Segoe UI\",Roboto,Oxygen-Sans,Ubuntu,Cantarell,\"Helvetica Neue\",sans-serif, \"Apple Color Emoji\", \"Segoe UI Emoji\", \"Segoe UI Symbol\";}<\/style>\n<h3 class=\"kt-adv-heading_1266da-1a wp-block-kadence-advancedheading has-theme-palette-2-color has-text-color\" data-kb-block=\"kb-adv-heading_1266da-1a\">6. Seleccion\u00e1 el catering<\/h3>\n\n\n\n<p>En el caso de que hayas reservado un sal\u00f3n de fiestas que incluye todos los servicios, ellos mismos te dar\u00e1n algunas opciones de men\u00fa para tu noche so\u00f1ada. Mientras que si te decides por realizarla en el en casa, existen excelentes ofertas en el mercado gastron\u00f3mico que pueden atender a diversos presupuestos. <\/p>\n\n\n\n<p>En este punto deber\u00e1s considerar la elecci\u00f3n de la <a href=\"https:\/\/www.tufiesta.com.uy\/cumple-15\/tortas-de-15\" target=\"_blank\" rel=\"noreferrer noopener\">torta<\/a> y los \u00edtems que integrar\u00e1n la mesa de <a href=\"https:\/\/www.tufiesta.com.uy\/cumple-15\/cupcakes-cookies-popcakes\" target=\"_blank\" rel=\"noreferrer noopener\">dulces<\/a>.<\/p>\n\n\n\n<div class=\"wp-block-kadence-advancedgallery kb-gallery-wrap-id-_fb8e57-42\"><ul class=\"kb-gallery-ul kb-gallery-type-masonry kb-masonry-init kb-gallery-id-_fb8e57-42 kb-gallery-caption-style-bottom-hover kb-gallery-filter-none\" data-item-selector=\".kadence-blocks-gallery-item\" data-image-filter=\"none\" data-lightbox-caption=\"true\" data-columns-xxl=\"3\" data-columns-xl=\"3\" data-columns-lg=\"3\" data-columns-md=\"2\" data-columns-sm=\"1\" data-columns-xs=\"1\"><li class=\"kadence-blocks-gallery-item\"><div class=\"kadence-blocks-gallery-item-inner\"><figure class=\"kb-gallery-figure kadence-blocks-gallery-item-hide-caption\"><div class=\"kb-gal-image-radius\" style=\"max-width:600px\"><div class=\"kb-gallery-image-contain kadence-blocks-gallery-intrinsic\" style=\"padding-bottom:66.66666666666666%\"><img loading=\"lazy\" src=\"https:\/\/www.tufiesta.com.uy\/blog\/wp-content\/uploads\/2023\/08\/catering-guia-para-organizar-tu-fiesta-de-15-nico-marteau-1.jpg\" width=\"600\" height=\"400\" alt=\"Catering y postres fiesta de 15\" data-full-image=\"https:\/\/www.tufiesta.com.uy\/blog\/wp-content\/uploads\/2023\/08\/catering-guia-para-organizar-tu-fiesta-de-15-nico-marteau-1.jpg\" data-light-image=\"https:\/\/www.tufiesta.com.uy\/blog\/wp-content\/uploads\/2023\/08\/catering-guia-para-organizar-tu-fiesta-de-15-nico-marteau-1.jpg\" data-id=\"5562\" data-link=\"https:\/\/www.tufiesta.com.uy\/blog\/conoce-la-guia-definitiva-para-organizar-la-fiesta-de-15-anos\/catering-guia-para-organizar-tu-fiesta-de-15-nico-marteau-1\" class=\"wp-image-5562undefined\" srcset=\"https:\/\/www.tufiesta.com.uy\/blog\/wp-content\/uploads\/2023\/08\/catering-guia-para-organizar-tu-fiesta-de-15-nico-marteau-1.jpg 600w, https:\/\/www.tufiesta.com.uy\/blog\/wp-content\/uploads\/2023\/08\/catering-guia-para-organizar-tu-fiesta-de-15-nico-marteau-1-300x200.jpg 300w\" sizes=\"(max-width: 600px) 100vw, 600px\" \/><\/div><div class=\"kadence-blocks-gallery-item__caption\">Foto: gentileza de Nico Marteau<\/div><\/div><\/figure><\/div><\/li><li class=\"kadence-blocks-gallery-item\"><div class=\"kadence-blocks-gallery-item-inner\"><figure class=\"kb-gallery-figure kb-gallery-item-has-link kadence-blocks-gallery-item-hide-caption\"><a href=\"https:\/\/www.tufiesta.com.uy\/sweet-by-vale-tortas-de-15\" class=\"kb-gallery-item-link\" target=\"_blank\" rel=\"noopener noreferrer\"><div class=\"kb-gal-image-radius\" style=\"max-width:1080px\"><div class=\"kb-gallery-image-contain kadence-blocks-gallery-intrinsic\" style=\"padding-bottom:100%\"><img loading=\"lazy\" src=\"https:\/\/www.tufiesta.com.uy\/blog\/wp-content\/uploads\/2025\/02\/488573716_18072659038895189_1815772373729205349_n.jpg\" width=\"1080\" height=\"1080\" alt=\"Sweet by Vale Pasteler\u00eda y Reposter\u00eda fina para cumplea\u00f1os de 15\" data-full-image=\"https:\/\/www.tufiesta.com.uy\/blog\/wp-content\/uploads\/2025\/02\/488573716_18072659038895189_1815772373729205349_n.jpg\" data-light-image=\"https:\/\/www.tufiesta.com.uy\/blog\/wp-content\/uploads\/2025\/02\/488573716_18072659038895189_1815772373729205349_n.jpg\" data-id=\"8526\" data-link=\"https:\/\/www.tufiesta.com.uy\/blog\/conoce-la-guia-definitiva-para-organizar-la-fiesta-de-15-anos\/488573716_18072659038895189_1815772373729205349_n\" data-custom-link=\"https:\/\/www.tufiesta.com.uy\/sweet-by-vale-tortas-de-15\" data-custom-link-target=\"_blank\" class=\"wp-image-8526undefined\" srcset=\"https:\/\/www.tufiesta.com.uy\/blog\/wp-content\/uploads\/2025\/02\/488573716_18072659038895189_1815772373729205349_n.jpg 1080w, https:\/\/www.tufiesta.com.uy\/blog\/wp-content\/uploads\/2025\/02\/488573716_18072659038895189_1815772373729205349_n-300x300.jpg 300w, https:\/\/www.tufiesta.com.uy\/blog\/wp-content\/uploads\/2025\/02\/488573716_18072659038895189_1815772373729205349_n-150x150.jpg 150w, https:\/\/www.tufiesta.com.uy\/blog\/wp-content\/uploads\/2025\/02\/488573716_18072659038895189_1815772373729205349_n-768x768.jpg 768w\" sizes=\"(max-width: 1080px) 100vw, 1080px\" \/><\/div><div class=\"kadence-blocks-gallery-item__caption\">Tortas y mesa dulce para fiestas de 15 &#8211; Sweet by Vale<\/div><\/div><\/a><\/figure><\/div><\/li><li class=\"kadence-blocks-gallery-item\"><div class=\"kadence-blocks-gallery-item-inner\"><figure class=\"kb-gallery-figure kb-gallery-item-has-link kadence-blocks-gallery-item-hide-caption\"><a href=\"https:\/\/www.tufiesta.com.uy\/degustart-organizacion-integral?&amp;cumple-15\" class=\"kb-gallery-item-link\" target=\"_blank\" rel=\"noopener noreferrer\"><div class=\"kb-gal-image-radius\" style=\"max-width:1200px\"><div class=\"kb-gallery-image-contain kadence-blocks-gallery-intrinsic\" style=\"padding-bottom:63.916666666666664%\"><img loading=\"lazy\" src=\"https:\/\/www.tufiesta.com.uy\/blog\/wp-content\/uploads\/2025\/02\/organizacion-integral-cumple-15-degustart-35-1200x767.jpg\" width=\"1200\" height=\"767\" alt=\"DegustArt - Organizaci\u00f3n de despedidas de fin de a\u00f1o\" data-full-image=\"https:\/\/www.tufiesta.com.uy\/blog\/wp-content\/uploads\/2025\/02\/organizacion-integral-cumple-15-degustart-35.jpg\" data-light-image=\"https:\/\/www.tufiesta.com.uy\/blog\/wp-content\/uploads\/2025\/02\/organizacion-integral-cumple-15-degustart-35.jpg\" data-id=\"8525\" data-link=\"https:\/\/www.tufiesta.com.uy\/blog\/conoce-la-guia-definitiva-para-organizar-la-fiesta-de-15-anos\/organizacion-integral-cumple-15-degustart-35\" data-custom-link=\"https:\/\/www.tufiesta.com.uy\/degustart-organizacion-integral?&amp;cumple-15\" data-custom-link-target=\"_blank\" class=\"wp-image-8525undefined\" srcset=\"https:\/\/www.tufiesta.com.uy\/blog\/wp-content\/uploads\/2025\/02\/organizacion-integral-cumple-15-degustart-35-1200x767.jpg 1200w, https:\/\/www.tufiesta.com.uy\/blog\/wp-content\/uploads\/2025\/02\/organizacion-integral-cumple-15-degustart-35-300x192.jpg 300w, https:\/\/www.tufiesta.com.uy\/blog\/wp-content\/uploads\/2025\/02\/organizacion-integral-cumple-15-degustart-35-768x491.jpg 768w, https:\/\/www.tufiesta.com.uy\/blog\/wp-content\/uploads\/2025\/02\/organizacion-integral-cumple-15-degustart-35.jpg 1440w\" sizes=\"(max-width: 1200px) 100vw, 1200px\" \/><\/div><div class=\"kadence-blocks-gallery-item__caption\">Degustart<\/div><\/div><\/a><\/figure><\/div><\/li><\/ul><\/div>\n\n\n<style id=\"kt-blocks_237307-95\">#kt-adv-heading_237307-95, #kt-adv-heading_237307-95 .wp-block-kadence-advancedheading, .wp-block-kadence-advancedheading.kt-adv-heading_237307-95[data-kb-block=\"kb-adv-heading_237307-95\"], .kadence-advanced-heading-wrapper .kt-adv-heading_237307-95[data-kb-block=\"kb-adv-heading_237307-95\"]{font-weight:inherit;font-family:-apple-system,BlinkMacSystemFont,\"Segoe UI\",Roboto,Oxygen-Sans,Ubuntu,Cantarell,\"Helvetica Neue\",sans-serif, \"Apple Color Emoji\", \"Segoe UI Emoji\", \"Segoe UI Symbol\";}<\/style>\n<h3 class=\"kt-adv-heading_237307-95 wp-block-kadence-advancedheading has-theme-palette-2-color has-text-color\" data-kb-block=\"kb-adv-heading_237307-95\">7. Pens\u00e1 en la ambientaci\u00f3n y tem\u00e1tica<\/h3>\n\n\n\n<p>Defin\u00ed una tem\u00e1tica para crear la identidad visual del evento. Aunque solo desees una paleta de colores, es importante definirla para que todo sea armonioso en la <a href=\"https:\/\/www.tufiesta.com.uy\/cumple-15\/decoracion-integral\" target=\"_blank\" rel=\"noreferrer noopener\">decoraci\u00f3n<\/a>. Dentro de este apartado, tambi\u00e9n podr\u00e1s armar una sublista, donde deber\u00e1s puntear: arreglos florales, iluminaci\u00f3n, backdrops o fondos de fotograf\u00eda y la decoraci\u00f3n de la mesa de dulces. Tambi\u00e9n, un lugar c\u00f3modo para colocar la cabina de fotos. <\/p>\n\n\n\n<p>Una buena idea, sin necesidad de gastar una fortuna, es crear centros de mesa encantadores con la ayuda de tus amigas. De la misma forma podr\u00e1s generar una atm\u00f3sfera m\u00e1gica con algunas guirnaldas de luces y velas. La creatividad debe ser tu mejor aliada.<\/p>\n\n\n<style id=\"kt-blocks_f92a84-40\">#kt-layout-id_f92a84-40 > .kt-row-column-wrap{padding-top:10px;padding-bottom:10px;}<\/style>\n<div class=\"wp-block-kadence-rowlayout alignnone\"><div id=\"kt-layout-id_f92a84-40\" class=\"kt-row-layout-inner kt-layout-id_f92a84-40\"><div class=\"kt-row-column-wrap kt-has-2-columns kt-gutter-skinny kt-v-gutter-default kt-row-valign-top kt-row-layout-equal kt-tab-layout-inherit kt-m-colapse-left-to-right kt-mobile-layout-row\">\n<div class=\"wp-block-kadence-column inner-column-1 kadence-column_875b59-26\"><div class=\"kt-inside-inner-col\">\n<div class=\"wp-block-kadence-image kb-image_0f4a55-e7\"><figure class=\"aligncenter size-large\"><img loading=\"lazy\" width=\"1200\" height=\"900\" src=\"https:\/\/www.tufiesta.com.uy\/blog\/wp-content\/uploads\/2025\/02\/481901168_671408365458019_3125615924753202147_n-1200x900.jpg\" alt=\"Valeria Comesa\u00f1a - Ambientaci\u00f3n floral \" class=\"kb-img wp-image-8529\" srcset=\"https:\/\/www.tufiesta.com.uy\/blog\/wp-content\/uploads\/2025\/02\/481901168_671408365458019_3125615924753202147_n-1200x900.jpg 1200w, https:\/\/www.tufiesta.com.uy\/blog\/wp-content\/uploads\/2025\/02\/481901168_671408365458019_3125615924753202147_n-300x225.jpg 300w, https:\/\/www.tufiesta.com.uy\/blog\/wp-content\/uploads\/2025\/02\/481901168_671408365458019_3125615924753202147_n-768x576.jpg 768w, https:\/\/www.tufiesta.com.uy\/blog\/wp-content\/uploads\/2025\/02\/481901168_671408365458019_3125615924753202147_n-1536x1152.jpg 1536w, https:\/\/www.tufiesta.com.uy\/blog\/wp-content\/uploads\/2025\/02\/481901168_671408365458019_3125615924753202147_n.jpg 2016w\" sizes=\"(max-width: 1200px) 100vw, 1200px\" \/><figcaption><a href=\"https:\/\/www.tufiesta.com.uy\/valeria-comesania-floral-event-designer-ambientacion-de-fiestas\" target=\"_blank\" rel=\"noreferrer noopener\">Valeria Comesa\u00f1a &#8211; Ambientaci\u00f3n floral <\/a><\/figcaption><\/figure><\/div>\n<\/div><\/div>\n\n\n\n<div class=\"wp-block-kadence-column inner-column-2 kadence-column_03f530-ff\"><div class=\"kt-inside-inner-col\">\n<div class=\"wp-block-kadence-image kb-image_fc6769-f5\"><figure class=\"aligncenter size-full\"><a href=\"https:\/\/www.tufiesta.com.uy\/cumple-15\/discotecas?&amp;cumple-15\" class=\"kb-advanced-image-link\" target=\"_blank\" rel=\"noopener noreferrer\"><img loading=\"lazy\" width=\"600\" height=\"400\" src=\"https:\/\/www.tufiesta.com.uy\/blog\/wp-content\/uploads\/2023\/08\/discoteca-y-luces-guia-para-organizar-tu-fiesta-de-15-gustavo-moscardi-1.jpg\" alt=\"Ambientaci\u00f3n cumplea\u00f1os de 15\" class=\"kb-img wp-image-5557\" title=\"Ambientaci\u00f3n de pista de baile\" srcset=\"https:\/\/www.tufiesta.com.uy\/blog\/wp-content\/uploads\/2023\/08\/discoteca-y-luces-guia-para-organizar-tu-fiesta-de-15-gustavo-moscardi-1.jpg 600w, https:\/\/www.tufiesta.com.uy\/blog\/wp-content\/uploads\/2023\/08\/discoteca-y-luces-guia-para-organizar-tu-fiesta-de-15-gustavo-moscardi-1-300x200.jpg 300w\" sizes=\"(max-width: 600px) 100vw, 600px\" \/><\/a><figcaption>Decoraci\u00f3n pista de baile. <br><a href=\"https:\/\/www.tufiesta.com.uy\/moscardi-discoteca-audio-y-luces-discotecas?&amp;cumple-15\" target=\"_blank\" rel=\"noreferrer noopener\">Gustavo Moscardi<\/a><\/figcaption><\/figure><\/div>\n<\/div><\/div>\n<\/div><\/div><\/div>\n\n\n<style id=\"kt-blocks_c7ae04-03\">#kt-adv-heading_c7ae04-03, #kt-adv-heading_c7ae04-03 .wp-block-kadence-advancedheading, .wp-block-kadence-advancedheading.kt-adv-heading_c7ae04-03[data-kb-block=\"kb-adv-heading_c7ae04-03\"], .kadence-advanced-heading-wrapper .kt-adv-heading_c7ae04-03[data-kb-block=\"kb-adv-heading_c7ae04-03\"]{font-weight:inherit;font-family:-apple-system,BlinkMacSystemFont,\"Segoe UI\",Roboto,Oxygen-Sans,Ubuntu,Cantarell,\"Helvetica Neue\",sans-serif, \"Apple Color Emoji\", \"Segoe UI Emoji\", \"Segoe UI Symbol\";}<\/style>\n<h3 class=\"kt-adv-heading_c7ae04-03 wp-block-kadence-advancedheading has-theme-palette-2-color has-text-color\" data-kb-block=\"kb-adv-heading_c7ae04-03\">8. Seleccion\u00e1 la animaci\u00f3n y musicalizaci\u00f3n<\/h3>\n\n\n\n<p>La m\u00fasica sin duda es un elemento indispensable en cualquier fiesta de 15 a\u00f1os. Podr\u00e1s contratar un <a href=\"https:\/\/www.tufiesta.com.uy\/cumple-15\/discotecas\" target=\"_blank\" rel=\"noreferrer noopener\">DJ<\/a> que se ocupe de tocar tus m\u00fasicas preferidas, adem\u00e1s de estar atento a los momentos puntuales de tu fiesta como la hora del vals. Tanto un DJ como una lista de m\u00fasicas personalizadas, pueden hacer que todos se diviertan de la misma forma y lo pasen genial en la pista de baile.<\/p>\n\n\n\n<p>Si tu presupuesto te lo permite, proporcion\u00e1 opciones de entretenimiento para todas las edades. <a href=\"https:\/\/www.tufiesta.com.uy\/cumple-15\/caricaturistas\" target=\"_blank\" rel=\"noreferrer noopener\">Caricaturista<\/a>, <a href=\"https:\/\/www.tufiesta.com.uy\/cumple-15\/barras-glitter\" target=\"_blank\" rel=\"noreferrer noopener\">stand de glitter<\/a>, <a href=\"https:\/\/www.tufiesta.com.uy\/cumple-15\/cabina-fotos\" target=\"_blank\" rel=\"noreferrer noopener\">cabina de fotos y cabina 360\u00b0<\/a>, son algunas opciones que mantendr\u00e1n a todos los invitados involucrados y felices.<\/p>\n\n\n<style id=\"kt-blocks_244615-1a\">#kt-layout-id_244615-1a > .kt-row-column-wrap{padding-top:10px;padding-bottom:10px;}<\/style>\n<div class=\"wp-block-kadence-rowlayout alignnone\"><div id=\"kt-layout-id_244615-1a\" class=\"kt-row-layout-inner kt-layout-id_244615-1a\"><div class=\"kt-row-column-wrap kt-has-3-columns kt-gutter-skinny kt-v-gutter-default kt-row-valign-top kt-row-layout-equal kt-tab-layout-inherit kt-m-colapse-left-to-right kt-mobile-layout-row\">\n<div class=\"wp-block-kadence-column inner-column-1 kadence-column_bdccb5-ed\"><div class=\"kt-inside-inner-col\">\n<div class=\"wp-block-kadence-image kb-image_cd1483-dd\"><figure class=\"aligncenter size-full\"><a href=\"https:\/\/www.tufiesta.com.uy\/edison-mourinio-violinista-musica-en-vivo?&amp;cumple-15\" class=\"kb-advanced-image-link\" target=\"_blank\" rel=\"noopener noreferrer\"><img loading=\"lazy\" width=\"600\" height=\"400\" src=\"https:\/\/www.tufiesta.com.uy\/blog\/wp-content\/uploads\/2023\/08\/musica-entrada-quinceaniera-guia-para-organizar-tu-fiesta-de-15-altos-de-la-via-1.jpg\" alt=\"M\u00fasica con viol\u00edn para entrada de la quincea\u00f1era\" class=\"kb-img wp-image-5558\" srcset=\"https:\/\/www.tufiesta.com.uy\/blog\/wp-content\/uploads\/2023\/08\/musica-entrada-quinceaniera-guia-para-organizar-tu-fiesta-de-15-altos-de-la-via-1.jpg 600w, https:\/\/www.tufiesta.com.uy\/blog\/wp-content\/uploads\/2023\/08\/musica-entrada-quinceaniera-guia-para-organizar-tu-fiesta-de-15-altos-de-la-via-1-300x200.jpg 300w\" sizes=\"(max-width: 600px) 100vw, 600px\" \/><\/a><figcaption>Violinista <a href=\"https:\/\/www.tufiesta.com.uy\/edison-mourinio-violinista-musica-en-vivo?&amp;cumple-15\" target=\"_blank\" rel=\"noreferrer noopener\">Edison Mouri\u00f1o<\/a><\/figcaption><\/figure><\/div>\n<\/div><\/div>\n\n\n\n<div class=\"wp-block-kadence-column inner-column-2 kadence-column_94c8cb-35\"><div class=\"kt-inside-inner-col\">\n<div class=\"wp-block-kadence-image kb-image_ff9d25-7a\"><figure class=\"aligncenter size-full\"><a href=\"https:\/\/www.tufiesta.com.uy\/vi-em-musica-en-vivo?&amp;cumple-15\" class=\"kb-advanced-image-link\" target=\"_blank\" rel=\"noopener noreferrer\"><img loading=\"lazy\" width=\"600\" height=\"400\" src=\"https:\/\/www.tufiesta.com.uy\/blog\/wp-content\/uploads\/2023\/08\/musica-guia-para-organizar-tu-fiesta-de-15-vi-em-1.jpg\" alt=\"M\u00fasica en vivo - ViEm\" class=\"kb-img wp-image-5555\" srcset=\"https:\/\/www.tufiesta.com.uy\/blog\/wp-content\/uploads\/2023\/08\/musica-guia-para-organizar-tu-fiesta-de-15-vi-em-1.jpg 600w, https:\/\/www.tufiesta.com.uy\/blog\/wp-content\/uploads\/2023\/08\/musica-guia-para-organizar-tu-fiesta-de-15-vi-em-1-300x200.jpg 300w\" sizes=\"(max-width: 600px) 100vw, 600px\" \/><\/a><figcaption>M\u00fasica en vivo &#8211; <a href=\"https:\/\/www.tufiesta.com.uy\/vi-em-musica-en-vivo?&amp;cumple-15\" target=\"_blank\" rel=\"noreferrer noopener\">Vi Em<\/a><\/figcaption><\/figure><\/div>\n<\/div><\/div>\n\n\n\n<div class=\"wp-block-kadence-column inner-column-3 kadence-column_da9deb-cd\"><div class=\"kt-inside-inner-col\">\n<div class=\"wp-block-kadence-image kb-image_351be5-2f\"><figure class=\"aligncenter size-full\"><a href=\"https:\/\/www.tufiesta.com.uy\/cumple-15\/cabina-fotos\" class=\"kb-advanced-image-link\" target=\"_blank\" rel=\"noopener noreferrer\"><img loading=\"lazy\" width=\"600\" height=\"400\" src=\"https:\/\/www.tufiesta.com.uy\/blog\/wp-content\/uploads\/2023\/08\/plataforma-360-guia-para-organizar-tu-fiesta-de-15-movida-360-1.jpg\" alt=\"cabinas de fotos y plataforma 360\" class=\"kb-img wp-image-5553\" title=\"Cabinas de Fotos y plataformas 360\" srcset=\"https:\/\/www.tufiesta.com.uy\/blog\/wp-content\/uploads\/2023\/08\/plataforma-360-guia-para-organizar-tu-fiesta-de-15-movida-360-1.jpg 600w, https:\/\/www.tufiesta.com.uy\/blog\/wp-content\/uploads\/2023\/08\/plataforma-360-guia-para-organizar-tu-fiesta-de-15-movida-360-1-300x200.jpg 300w\" sizes=\"(max-width: 600px) 100vw, 600px\" \/><\/a><figcaption>Plataforma 360 &#8211; <a href=\"https:\/\/www.tufiesta.com.uy\/movida-360-cabina-de-fotos?&amp;cumple-15\" target=\"_blank\" rel=\"noreferrer noopener\">Movida Mix<\/a><\/figcaption><\/figure><\/div>\n<\/div><\/div>\n<\/div><\/div><\/div>\n\n\n<style id=\"kt-blocks_6dd07f-a1\">#kt-adv-heading_6dd07f-a1, #kt-adv-heading_6dd07f-a1 .wp-block-kadence-advancedheading, .wp-block-kadence-advancedheading.kt-adv-heading_6dd07f-a1[data-kb-block=\"kb-adv-heading_6dd07f-a1\"], .kadence-advanced-heading-wrapper .kt-adv-heading_6dd07f-a1[data-kb-block=\"kb-adv-heading_6dd07f-a1\"]{font-weight:inherit;font-family:-apple-system,BlinkMacSystemFont,\"Segoe UI\",Roboto,Oxygen-Sans,Ubuntu,Cantarell,\"Helvetica Neue\",sans-serif, \"Apple Color Emoji\", \"Segoe UI Emoji\", \"Segoe UI Symbol\";}<\/style>\n<h3 class=\"kt-adv-heading_6dd07f-a1 wp-block-kadence-advancedheading has-theme-palette-2-color has-text-color\" data-kb-block=\"kb-adv-heading_6dd07f-a1\">9. Contrat\u00e1 el servicio de fotograf\u00eda y video<\/h3>\n\n\n\n<p>Captur\u00e1 todos los momentos especiales de tu fiesta de 15 a\u00f1os con un <a href=\"https:\/\/www.tufiesta.com.uy\/cumple-15\/fotografia-video\" target=\"_blank\" rel=\"noreferrer noopener\">fot\u00f3grafo profesional<\/a> o incluso con un amigo con talento para la fotograf\u00eda.<\/p>\n\n\n\n<p>Muchas quincea\u00f1eras quieren tener su <a href=\"https:\/\/www.tufiesta.com.uy\/cumple-15\/fotografia-video\" target=\"_blank\" rel=\"noreferrer noopener\">Book fotogr\u00e1fico y un video<\/a> como recuerdo de esta etapa tan importante. Para ello, deber\u00e1s planificar todo al detalle con el fot\u00f3grafo escogido. Coordin\u00e1 horarios, fechas, locales de tu agrado y vestuario. Record\u00e1 que siempre deber\u00e1s ir acompa\u00f1ada de un mayor, que adem\u00e1s pueda asistirte en lo que necesites al momento de posar para las fotos.<\/p>\n\n\n<style id=\"kt-blocks_b5a8b8-b2\">#kt-adv-heading_b5a8b8-b2, #kt-adv-heading_b5a8b8-b2 .wp-block-kadence-advancedheading, .wp-block-kadence-advancedheading.kt-adv-heading_b5a8b8-b2[data-kb-block=\"kb-adv-heading_b5a8b8-b2\"], .kadence-advanced-heading-wrapper .kt-adv-heading_b5a8b8-b2[data-kb-block=\"kb-adv-heading_b5a8b8-b2\"]{font-weight:inherit;font-family:-apple-system,BlinkMacSystemFont,\"Segoe UI\",Roboto,Oxygen-Sans,Ubuntu,Cantarell,\"Helvetica Neue\",sans-serif, \"Apple Color Emoji\", \"Segoe UI Emoji\", \"Segoe UI Symbol\";}<\/style>\n<h3 class=\"kt-adv-heading_b5a8b8-b2 wp-block-kadence-advancedheading has-theme-palette-2-color has-text-color\" data-kb-block=\"kb-adv-heading_b5a8b8-b2\">10. Pens\u00e1 en tus accesorios y est\u00e9tica<\/h3>\n\n\n\n<p>Al igual que cuando busc\u00e1s el vestido ideal, deber\u00e1s darle la misma dedicaci\u00f3n a los <a href=\"https:\/\/www.tufiesta.com.uy\/cumple-15\/zapatos-fiesta-novia-15\" target=\"_blank\" rel=\"noreferrer noopener\">zapatos<\/a>, no solo porque ellos completan el estilismo, sino porque adem\u00e1s deber\u00e1n ser muy confortables para soportar todas las instancias de la fiesta. En caso de que tengas pensado cambiarte de zapatos para la hora del baile, consider\u00e1 calzarte unos snickers confortables, as\u00ed podr\u00e1s disfrutar sin preocupaciones.<\/p>\n\n\n\n<p><a href=\"https:\/\/www.tufiesta.com.uy\/cumple-15\/estetica\" target=\"_blank\" rel=\"noreferrer noopener\">Cuidar de tu piel<\/a> y alimentaci\u00f3n los d\u00edas previos a la celebraci\u00f3n son casi una obligaci\u00f3n, si quer\u00e9s llegar espl\u00e9ndida a tu fiesta. <\/p>\n\n\n\n<p>El peinado y el <a href=\"https:\/\/www.tufiesta.com.uy\/cumple-15\/maquillaje-cosmetologia\" target=\"_blank\" rel=\"noreferrer noopener\">maquillaje<\/a>, como as\u00ed tambi\u00e9n los <a href=\"https:\/\/www.tufiesta.com.uy\/cumple-15\/tocados-novias-quince\" target=\"_blank\" rel=\"noreferrer noopener\">accesorios<\/a>, deber\u00e1s definirlos con tiempo. Intent\u00e1 tener una charla previa con cada profesional para dejar en claro las pautas de lo que esper\u00e1s para ese d\u00eda. Si es necesario, marc\u00e1 una prueba con cada uno de ellos, para estar m\u00e1s tranquila.<\/p>\n\n\n\n<p>En el caso de que todo esto sea demasiado oneroso para tu presupuesto, siempre hay una amiga o familiar que te puede auxiliar con el peinado y el maquillaje. Trat\u00e1 de no caer en excesos, siempre es m\u00e1s elegante, un maquillaje natural. \u00a1La clave est\u00e1 en sentirte c\u00f3moda y segura!<\/p>\n\n\n<style id=\"kt-blocks_64e88a-36\">#kt-adv-heading_64e88a-36, #kt-adv-heading_64e88a-36 .wp-block-kadence-advancedheading, .wp-block-kadence-advancedheading.kt-adv-heading_64e88a-36[data-kb-block=\"kb-adv-heading_64e88a-36\"], .kadence-advanced-heading-wrapper .kt-adv-heading_64e88a-36[data-kb-block=\"kb-adv-heading_64e88a-36\"]{font-weight:inherit;font-family:-apple-system,BlinkMacSystemFont,\"Segoe UI\",Roboto,Oxygen-Sans,Ubuntu,Cantarell,\"Helvetica Neue\",sans-serif, \"Apple Color Emoji\", \"Segoe UI Emoji\", \"Segoe UI Symbol\";}<\/style>\n<h3 class=\"kt-adv-heading_64e88a-36 wp-block-kadence-advancedheading has-theme-palette-2-color has-text-color\" data-kb-block=\"kb-adv-heading_64e88a-36\">11. Eleg\u00ed el cotill\u00f3n ideal para tu fiesta de cumplea\u00f1os de 15<\/h3>\n\n\n\n<p>En la actualidad, existe una gran diversidad de productos de <a href=\"https:\/\/www.tufiesta.com.uy\/cumple-15\/cotillon\" target=\"_blank\" rel=\"noreferrer noopener\">cotill\u00f3n<\/a> ideales fiestas de 15 a\u00f1os. Desde los cl\u00e1sicos, como vinchas, collares y pulseras luminosas hasta los m\u00e1s modernos, convertir\u00e1n tu fiesta en un show de alegr\u00eda y diversi\u00f3n.<\/p>\n\n\n<style id=\"kt-blocks_3f5eba-ff\">#kt-layout-id_3f5eba-ff > .kt-row-column-wrap{padding-top:10px;padding-bottom:10px;}<\/style>\n<div class=\"wp-block-kadence-rowlayout alignnone\"><div id=\"kt-layout-id_3f5eba-ff\" class=\"kt-row-layout-inner kt-layout-id_3f5eba-ff\"><div class=\"kt-row-column-wrap kt-has-2-columns kt-gutter-skinny kt-v-gutter-default kt-row-valign-top kt-row-layout-equal kt-tab-layout-inherit kt-m-colapse-left-to-right kt-mobile-layout-row\">\n<div class=\"wp-block-kadence-column inner-column-1 kadence-column_e6af0d-7a\"><div class=\"kt-inside-inner-col\">\n<div class=\"wp-block-kadence-image kb-image_d56d1c-22\"><figure class=\"aligncenter size-full\"><a href=\"https:\/\/www.tufiesta.com.uy\/cumple-15\/cotillon?&amp;cumple15\" class=\"kb-advanced-image-link\" target=\"_blank\" rel=\"noopener noreferrer\"><img loading=\"lazy\" width=\"600\" height=\"400\" src=\"https:\/\/www.tufiesta.com.uy\/blog\/wp-content\/uploads\/2023\/08\/cotillon-guia-para-organizar-tu-fiesta-de-15-nico-marteau-2.jpg\" alt=\"Cotill\u00f3n fiesta de 15\" class=\"kb-img wp-image-5565\" srcset=\"https:\/\/www.tufiesta.com.uy\/blog\/wp-content\/uploads\/2023\/08\/cotillon-guia-para-organizar-tu-fiesta-de-15-nico-marteau-2.jpg 600w, https:\/\/www.tufiesta.com.uy\/blog\/wp-content\/uploads\/2023\/08\/cotillon-guia-para-organizar-tu-fiesta-de-15-nico-marteau-2-300x200.jpg 300w\" sizes=\"(max-width: 600px) 100vw, 600px\" \/><\/a><figcaption>Cotill\u00f3n cumplea\u00f1os de 15.<br>Foto: gentileza de Nico Marteau<\/figcaption><\/figure><\/div>\n<\/div><\/div>\n\n\n\n<div class=\"wp-block-kadence-column inner-column-2 kadence-column_4cdf7d-0e\"><div class=\"kt-inside-inner-col\">\n<div class=\"wp-block-kadence-image kb-image_91c81f-5e\"><figure class=\"aligncenter size-full\"><img loading=\"lazy\" width=\"600\" height=\"400\" src=\"https:\/\/www.tufiesta.com.uy\/blog\/wp-content\/uploads\/2023\/08\/cotillon-guia-para-organizar-tu-fiesta-de-15-nico-marteau-1.jpg\" alt=\"Cotill\u00f3n para cumplea\u00f1os de 15\" class=\"kb-img wp-image-5564\" srcset=\"https:\/\/www.tufiesta.com.uy\/blog\/wp-content\/uploads\/2023\/08\/cotillon-guia-para-organizar-tu-fiesta-de-15-nico-marteau-1.jpg 600w, https:\/\/www.tufiesta.com.uy\/blog\/wp-content\/uploads\/2023\/08\/cotillon-guia-para-organizar-tu-fiesta-de-15-nico-marteau-1-300x200.jpg 300w\" sizes=\"(max-width: 600px) 100vw, 600px\" \/><figcaption>Cotill\u00f3n para fiesta de 15<br>Foto: gentileza de Nico Marteau<\/figcaption><\/figure><\/div>\n<\/div><\/div>\n<\/div><\/div><\/div>\n\n\n<style id=\"kt-blocks_ff752f-73\">#kt-adv-heading_ff752f-73, #kt-adv-heading_ff752f-73 .wp-block-kadence-advancedheading, .wp-block-kadence-advancedheading.kt-adv-heading_ff752f-73[data-kb-block=\"kb-adv-heading_ff752f-73\"], .kadence-advanced-heading-wrapper .kt-adv-heading_ff752f-73[data-kb-block=\"kb-adv-heading_ff752f-73\"]{font-weight:inherit;font-family:-apple-system,BlinkMacSystemFont,\"Segoe UI\",Roboto,Oxygen-Sans,Ubuntu,Cantarell,\"Helvetica Neue\",sans-serif, \"Apple Color Emoji\", \"Segoe UI Emoji\", \"Segoe UI Symbol\";}<\/style>\n<h3 class=\"kt-adv-heading_ff752f-73 wp-block-kadence-advancedheading has-theme-palette-2-color has-text-color\" data-kb-block=\"kb-adv-heading_ff752f-73\">12. Regal\u00e1 souvenirs a tus invitados<\/h3>\n\n\n\n<p>En nuestra <a href=\"https:\/\/www.tufiesta.com.uy\/\" target=\"_blank\" rel=\"noreferrer noopener\">gu\u00eda de proveedores para fiestas y eventos<\/a>, encontrar\u00e1s excelentes opciones de <a href=\"https:\/\/www.tufiesta.com.uy\/cumple-15\/souvenirs\" target=\"_blank\" rel=\"noreferrer noopener\">souvenirs personalizados<\/a> para entregarle a tus invitados. <\/p>\n\n\n\n<p>Sin embargo, un recuerdo hecho a mano tiene un valor especial.  No ten\u00e9s que gastar mucho para ello.  En internet encontrar\u00e1s varias ideas originales para confeccionarlos. Es un lindo gesto de agradecimiento para los amigos que te acompa\u00f1ar\u00e1n en tu noche especial. <\/p>\n\n\n\n<p>Festejar los 15 a\u00f1os, es una oportunidad de celebrar y divertirte con tu familia y amigos. <br>Tanto si opt\u00e1s por una celebraci\u00f3n m\u00e1s lujosa, como si eleg\u00eds un enfoque m\u00e1s \u00edntimo, lo que realmente importa es la felicidad que vas a experimentar y sobre todo, el fortalecimiento de los lazos con tus seres queridos. <br>\u00a1Disfrut\u00e1 de la fiesta so\u00f1ada, sin importar el presupuesto!<\/p>\n","protected":false},"excerpt":{"rendered":"<p>El sue\u00f1o de la vida de toda adolescente es la llegada de sus 15 a\u00f1os. Un momento inolvidable que merece ser celebrado sin importar el presupuesto. En esta gu\u00eda completa,&#8230;<\/p>\n","protected":false},"author":6,"featured_media":5636,"comment_status":"open","ping_status":"open","sticky":false,"template":"","format":"standard","meta":{"kt_blocks_editor_width":"","_kad_post_transparent":"","_kad_post_title":"","_kad_post_layout":"","_kad_post_sidebar_id":"","_kad_post_content_style":"","_kad_post_vertical_padding":"","_kad_post_feature":"","_kad_post_feature_position":"","_kad_post_header":false,"_kad_post_footer":false},"categories":[301],"tags":[48,88,91],"yoast_head":"<!-- This site is optimized with the Yoast SEO Premium plugin v16.8 (Yoast SEO v18.0) - https:\/\/yoast.com\/wordpress\/plugins\/seo\/ -->\n<title>Conoc\u00e9 la Gu\u00eda Definitiva para organizar la Fiesta de 15 A\u00f1os<\/title>\n<meta name=\"description\" content=\"Descubr\u00ed c\u00f3mo organizar una fiesta de 15 a\u00f1os con esta gu\u00eda definitiva. \u00a1Disfrut\u00e1 de tu fiesta so\u00f1ada sin importar tu presupuesto!\" \/>\n<meta name=\"robots\" content=\"index, follow, max-snippet:-1, max-image-preview:large, max-video-preview:-1\" \/>\n<link rel=\"canonical\" href=\"https:\/\/www.tufiesta.com.uy\/blog\/conoce-la-guia-definitiva-para-organizar-la-fiesta-de-15-anos\" \/>\n<meta property=\"og:locale\" content=\"es_ES\" \/>\n<meta property=\"og:type\" content=\"article\" \/>\n<meta property=\"og:title\" content=\"Conoc\u00e9 la Gu\u00eda Definitiva para organizar la Fiesta de 15 A\u00f1os\" \/>\n<meta property=\"og:description\" content=\"Descubr\u00ed c\u00f3mo organizar una fiesta de 15 a\u00f1os con esta gu\u00eda definitiva. \u00a1Disfrut\u00e1 de tu fiesta so\u00f1ada sin importar tu presupuesto!\" \/>\n<meta property=\"og:url\" content=\"https:\/\/www.tufiesta.com.uy\/blog\/conoce-la-guia-definitiva-para-organizar-la-fiesta-de-15-anos\" \/>\n<meta property=\"og:site_name\" content=\"IDEAS - PARA QUE TU FIESTA SEA INOLVIDABLE.\" \/>\n<meta property=\"article:publisher\" content=\"https:\/\/www.facebook.com\/TuFiestaUruguay\/\" \/>\n<meta property=\"article:published_time\" content=\"2025-02-01T19:03:00+00:00\" \/>\n<meta property=\"article:modified_time\" content=\"2025-12-11T20:20:33+00:00\" \/>\n<meta property=\"og:image\" content=\"https:\/\/www.tufiesta.com.uy\/blog\/wp-content\/uploads\/2023\/08\/portada-conoce-la-guia-definitiva-para-organizar-la-fiesta-de-15-anos.jpg\" \/>\n\t<meta property=\"og:image:width\" content=\"1920\" \/>\n\t<meta property=\"og:image:height\" content=\"600\" \/>\n\t<meta property=\"og:image:type\" content=\"image\/jpeg\" \/>\n<meta name=\"twitter:card\" content=\"summary_large_image\" \/>\n<meta name=\"twitter:label1\" content=\"Escrito por\" \/>\n\t<meta name=\"twitter:data1\" content=\"Marcela\" \/>\n\t<meta name=\"twitter:label2\" content=\"Tiempo de lectura\" \/>\n\t<meta name=\"twitter:data2\" content=\"12 minutos\" \/>\n<script type=\"application\/ld+json\" class=\"yoast-schema-graph\">{\"@context\":\"https:\/\/schema.org\",\"@graph\":[{\"@type\":\"Organization\",\"@id\":\"https:\/\/www.tufiesta.com.uy\/blog\/#organization\",\"name\":\"TuFiesta.com.uy\",\"url\":\"https:\/\/www.tufiesta.com.uy\/blog\/\",\"sameAs\":[\"https:\/\/www.facebook.com\/TuFiestaUruguay\/\",\"https:\/\/www.instagram.com\/TuFiestaUruguay\/\",\"https:\/\/www.youtube.com\/@tufiestauruguay\"],\"logo\":{\"@type\":\"ImageObject\",\"@id\":\"https:\/\/www.tufiesta.com.uy\/blog\/#logo\",\"inLanguage\":\"es\",\"url\":\"https:\/\/www.tufiesta.com.uy\/blog\/wp-content\/uploads\/2022\/05\/logo-gris-y-naranja.png\",\"contentUrl\":\"https:\/\/www.tufiesta.com.uy\/blog\/wp-content\/uploads\/2022\/05\/logo-gris-y-naranja.png\",\"width\":298,\"height\":115,\"caption\":\"TuFiesta.com.uy\"},\"image\":{\"@id\":\"https:\/\/www.tufiesta.com.uy\/blog\/#logo\"}},{\"@type\":\"WebSite\",\"@id\":\"https:\/\/www.tufiesta.com.uy\/blog\/#website\",\"url\":\"https:\/\/www.tufiesta.com.uy\/blog\/\",\"name\":\"IDEAS - PARA QUE TU FIESTA SEA INOLVIDABLE.\",\"description\":\"Te mostramos ideas, &quot;lo \u00faltimo&quot; y &quot;lo que se viene&quot; para que no te falte nada. Propuestas para casamientos, fiestas infantiles, 15 a\u00f1os, eventos empresariales, despedidas de soltera\/o, bautismos, bodas, graduaciones, baby showers, aniversarios, cumplea\u00f1os de 30 - 40 - 50 - 60 - 70 - 80 - 90, despedidas de a\u00f1o y todo acontecimiento que merezca un festejo. Si hay un motivo \u00a1a festejar!\",\"publisher\":{\"@id\":\"https:\/\/www.tufiesta.com.uy\/blog\/#organization\"},\"potentialAction\":[{\"@type\":\"SearchAction\",\"target\":{\"@type\":\"EntryPoint\",\"urlTemplate\":\"https:\/\/www.tufiesta.com.uy\/blog\/?s={search_term_string}\"},\"query-input\":\"required name=search_term_string\"}],\"inLanguage\":\"es\"},{\"@type\":\"ImageObject\",\"@id\":\"https:\/\/www.tufiesta.com.uy\/blog\/conoce-la-guia-definitiva-para-organizar-la-fiesta-de-15-anos#primaryimage\",\"inLanguage\":\"es\",\"url\":\"https:\/\/www.tufiesta.com.uy\/blog\/wp-content\/uploads\/2023\/08\/portada-conoce-la-guia-definitiva-para-organizar-la-fiesta-de-15-anos.jpg\",\"contentUrl\":\"https:\/\/www.tufiesta.com.uy\/blog\/wp-content\/uploads\/2023\/08\/portada-conoce-la-guia-definitiva-para-organizar-la-fiesta-de-15-anos.jpg\",\"width\":1920,\"height\":600,\"caption\":\"Gu\u00eda para organizar la fiesta de 15\"},{\"@type\":\"WebPage\",\"@id\":\"https:\/\/www.tufiesta.com.uy\/blog\/conoce-la-guia-definitiva-para-organizar-la-fiesta-de-15-anos#webpage\",\"url\":\"https:\/\/www.tufiesta.com.uy\/blog\/conoce-la-guia-definitiva-para-organizar-la-fiesta-de-15-anos\",\"name\":\"Conoc\u00e9 la Gu\u00eda Definitiva para organizar la Fiesta de 15 A\u00f1os\",\"isPartOf\":{\"@id\":\"https:\/\/www.tufiesta.com.uy\/blog\/#website\"},\"primaryImageOfPage\":{\"@id\":\"https:\/\/www.tufiesta.com.uy\/blog\/conoce-la-guia-definitiva-para-organizar-la-fiesta-de-15-anos#primaryimage\"},\"datePublished\":\"2025-02-01T19:03:00+00:00\",\"dateModified\":\"2025-12-11T20:20:33+00:00\",\"description\":\"Descubr\u00ed c\u00f3mo organizar una fiesta de 15 a\u00f1os con esta gu\u00eda definitiva. \u00a1Disfrut\u00e1 de tu fiesta so\u00f1ada sin importar tu presupuesto!\",\"breadcrumb\":{\"@id\":\"https:\/\/www.tufiesta.com.uy\/blog\/conoce-la-guia-definitiva-para-organizar-la-fiesta-de-15-anos#breadcrumb\"},\"inLanguage\":\"es\",\"potentialAction\":[{\"@type\":\"ReadAction\",\"target\":[\"https:\/\/www.tufiesta.com.uy\/blog\/conoce-la-guia-definitiva-para-organizar-la-fiesta-de-15-anos\"]}]},{\"@type\":\"BreadcrumbList\",\"@id\":\"https:\/\/www.tufiesta.com.uy\/blog\/conoce-la-guia-definitiva-para-organizar-la-fiesta-de-15-anos#breadcrumb\",\"itemListElement\":[{\"@type\":\"ListItem\",\"position\":1,\"name\":\"Blog\",\"item\":\"https:\/\/www.tufiesta.com.uy\/blog\/\"},{\"@type\":\"ListItem\",\"position\":2,\"name\":\"Conoc\u00e9 la Gu\u00eda Definitiva para organizar la Fiesta de 15 A\u00f1os\"}]},{\"@type\":\"Article\",\"@id\":\"https:\/\/www.tufiesta.com.uy\/blog\/conoce-la-guia-definitiva-para-organizar-la-fiesta-de-15-anos#article\",\"isPartOf\":{\"@id\":\"https:\/\/www.tufiesta.com.uy\/blog\/conoce-la-guia-definitiva-para-organizar-la-fiesta-de-15-anos#webpage\"},\"author\":{\"@id\":\"https:\/\/www.tufiesta.com.uy\/blog\/#\/schema\/person\/a932a72776b85223f4bbb2d688d1df03\"},\"headline\":\"Conoc\u00e9 la Gu\u00eda Definitiva para organizar la Fiesta de 15 A\u00f1os\",\"datePublished\":\"2025-02-01T19:03:00+00:00\",\"dateModified\":\"2025-12-11T20:20:33+00:00\",\"mainEntityOfPage\":{\"@id\":\"https:\/\/www.tufiesta.com.uy\/blog\/conoce-la-guia-definitiva-para-organizar-la-fiesta-de-15-anos#webpage\"},\"wordCount\":1719,\"commentCount\":0,\"publisher\":{\"@id\":\"https:\/\/www.tufiesta.com.uy\/blog\/#organization\"},\"image\":{\"@id\":\"https:\/\/www.tufiesta.com.uy\/blog\/conoce-la-guia-definitiva-para-organizar-la-fiesta-de-15-anos#primaryimage\"},\"thumbnailUrl\":\"https:\/\/www.tufiesta.com.uy\/blog\/wp-content\/uploads\/2023\/08\/portada-conoce-la-guia-definitiva-para-organizar-la-fiesta-de-15-anos.jpg\",\"keywords\":[\"decoraci\u00f3n de eventos\",\"salones de fiestas\",\"tips para quincea\u00f1eras\"],\"articleSection\":[\"Cumplea\u00f1os de 15\"],\"inLanguage\":\"es\",\"potentialAction\":[{\"@type\":\"CommentAction\",\"name\":\"Comment\",\"target\":[\"https:\/\/www.tufiesta.com.uy\/blog\/conoce-la-guia-definitiva-para-organizar-la-fiesta-de-15-anos#respond\"]}]},{\"@type\":\"Person\",\"@id\":\"https:\/\/www.tufiesta.com.uy\/blog\/#\/schema\/person\/a932a72776b85223f4bbb2d688d1df03\",\"name\":\"Marcela\",\"image\":{\"@type\":\"ImageObject\",\"@id\":\"https:\/\/www.tufiesta.com.uy\/blog\/#personlogo\",\"inLanguage\":\"es\",\"url\":\"https:\/\/secure.gravatar.com\/avatar\/a4a043ca6c03a418bde7e6bdb46fc3a9?s=96&d=mm&r=g\",\"contentUrl\":\"https:\/\/secure.gravatar.com\/avatar\/a4a043ca6c03a418bde7e6bdb46fc3a9?s=96&d=mm&r=g\",\"caption\":\"Marcela\"}}]}<\/script>\n<!-- \/ Yoast SEO Premium plugin. -->","yoast_head_json":{"title":"Conoc\u00e9 la Gu\u00eda Definitiva para organizar la Fiesta de 15 A\u00f1os","description":"Descubr\u00ed c\u00f3mo organizar una fiesta de 15 a\u00f1os con esta gu\u00eda definitiva. \u00a1Disfrut\u00e1 de tu fiesta so\u00f1ada sin importar tu presupuesto!","robots":{"index":"index","follow":"follow","max-snippet":"max-snippet:-1","max-image-preview":"max-image-preview:large","max-video-preview":"max-video-preview:-1"},"canonical":"https:\/\/www.tufiesta.com.uy\/blog\/conoce-la-guia-definitiva-para-organizar-la-fiesta-de-15-anos","og_locale":"es_ES","og_type":"article","og_title":"Conoc\u00e9 la Gu\u00eda Definitiva para organizar la Fiesta de 15 A\u00f1os","og_description":"Descubr\u00ed c\u00f3mo organizar una fiesta de 15 a\u00f1os con esta gu\u00eda definitiva. \u00a1Disfrut\u00e1 de tu fiesta so\u00f1ada sin importar tu presupuesto!","og_url":"https:\/\/www.tufiesta.com.uy\/blog\/conoce-la-guia-definitiva-para-organizar-la-fiesta-de-15-anos","og_site_name":"IDEAS - PARA QUE TU FIESTA SEA INOLVIDABLE.","article_publisher":"https:\/\/www.facebook.com\/TuFiestaUruguay\/","article_published_time":"2025-02-01T19:03:00+00:00","article_modified_time":"2025-12-11T20:20:33+00:00","og_image":[{"width":1920,"height":600,"url":"https:\/\/www.tufiesta.com.uy\/blog\/wp-content\/uploads\/2023\/08\/portada-conoce-la-guia-definitiva-para-organizar-la-fiesta-de-15-anos.jpg","type":"image\/jpeg"}],"twitter_card":"summary_large_image","twitter_misc":{"Escrito por":"Marcela","Tiempo de lectura":"12 minutos"},"schema":{"@context":"https:\/\/schema.org","@graph":[{"@type":"Organization","@id":"https:\/\/www.tufiesta.com.uy\/blog\/#organization","name":"TuFiesta.com.uy","url":"https:\/\/www.tufiesta.com.uy\/blog\/","sameAs":["https:\/\/www.facebook.com\/TuFiestaUruguay\/","https:\/\/www.instagram.com\/TuFiestaUruguay\/","https:\/\/www.youtube.com\/@tufiestauruguay"],"logo":{"@type":"ImageObject","@id":"https:\/\/www.tufiesta.com.uy\/blog\/#logo","inLanguage":"es","url":"https:\/\/www.tufiesta.com.uy\/blog\/wp-content\/uploads\/2022\/05\/logo-gris-y-naranja.png","contentUrl":"https:\/\/www.tufiesta.com.uy\/blog\/wp-content\/uploads\/2022\/05\/logo-gris-y-naranja.png","width":298,"height":115,"caption":"TuFiesta.com.uy"},"image":{"@id":"https:\/\/www.tufiesta.com.uy\/blog\/#logo"}},{"@type":"WebSite","@id":"https:\/\/www.tufiesta.com.uy\/blog\/#website","url":"https:\/\/www.tufiesta.com.uy\/blog\/","name":"IDEAS - PARA QUE TU FIESTA SEA INOLVIDABLE.","description":"Te mostramos ideas, &quot;lo \u00faltimo&quot; y &quot;lo que se viene&quot; para que no te falte nada. Propuestas para casamientos, fiestas infantiles, 15 a\u00f1os, eventos empresariales, despedidas de soltera\/o, bautismos, bodas, graduaciones, baby showers, aniversarios, cumplea\u00f1os de 30 - 40 - 50 - 60 - 70 - 80 - 90, despedidas de a\u00f1o y todo acontecimiento que merezca un festejo. Si hay un motivo \u00a1a festejar!","publisher":{"@id":"https:\/\/www.tufiesta.com.uy\/blog\/#organization"},"potentialAction":[{"@type":"SearchAction","target":{"@type":"EntryPoint","urlTemplate":"https:\/\/www.tufiesta.com.uy\/blog\/?s={search_term_string}"},"query-input":"required name=search_term_string"}],"inLanguage":"es"},{"@type":"ImageObject","@id":"https:\/\/www.tufiesta.com.uy\/blog\/conoce-la-guia-definitiva-para-organizar-la-fiesta-de-15-anos#primaryimage","inLanguage":"es","url":"https:\/\/www.tufiesta.com.uy\/blog\/wp-content\/uploads\/2023\/08\/portada-conoce-la-guia-definitiva-para-organizar-la-fiesta-de-15-anos.jpg","contentUrl":"https:\/\/www.tufiesta.com.uy\/blog\/wp-content\/uploads\/2023\/08\/portada-conoce-la-guia-definitiva-para-organizar-la-fiesta-de-15-anos.jpg","width":1920,"height":600,"caption":"Gu\u00eda para organizar la fiesta de 15"},{"@type":"WebPage","@id":"https:\/\/www.tufiesta.com.uy\/blog\/conoce-la-guia-definitiva-para-organizar-la-fiesta-de-15-anos#webpage","url":"https:\/\/www.tufiesta.com.uy\/blog\/conoce-la-guia-definitiva-para-organizar-la-fiesta-de-15-anos","name":"Conoc\u00e9 la Gu\u00eda Definitiva para organizar la Fiesta de 15 A\u00f1os","isPartOf":{"@id":"https:\/\/www.tufiesta.com.uy\/blog\/#website"},"primaryImageOfPage":{"@id":"https:\/\/www.tufiesta.com.uy\/blog\/conoce-la-guia-definitiva-para-organizar-la-fiesta-de-15-anos#primaryimage"},"datePublished":"2025-02-01T19:03:00+00:00","dateModified":"2025-12-11T20:20:33+00:00","description":"Descubr\u00ed c\u00f3mo organizar una fiesta de 15 a\u00f1os con esta gu\u00eda definitiva. \u00a1Disfrut\u00e1 de tu fiesta so\u00f1ada sin importar tu presupuesto!","breadcrumb":{"@id":"https:\/\/www.tufiesta.com.uy\/blog\/conoce-la-guia-definitiva-para-organizar-la-fiesta-de-15-anos#breadcrumb"},"inLanguage":"es","potentialAction":[{"@type":"ReadAction","target":["https:\/\/www.tufiesta.com.uy\/blog\/conoce-la-guia-definitiva-para-organizar-la-fiesta-de-15-anos"]}]},{"@type":"BreadcrumbList","@id":"https:\/\/www.tufiesta.com.uy\/blog\/conoce-la-guia-definitiva-para-organizar-la-fiesta-de-15-anos#breadcrumb","itemListElement":[{"@type":"ListItem","position":1,"name":"Blog","item":"https:\/\/www.tufiesta.com.uy\/blog\/"},{"@type":"ListItem","position":2,"name":"Conoc\u00e9 la Gu\u00eda Definitiva para organizar la Fiesta de 15 A\u00f1os"}]},{"@type":"Article","@id":"https:\/\/www.tufiesta.com.uy\/blog\/conoce-la-guia-definitiva-para-organizar-la-fiesta-de-15-anos#article","isPartOf":{"@id":"https:\/\/www.tufiesta.com.uy\/blog\/conoce-la-guia-definitiva-para-organizar-la-fiesta-de-15-anos#webpage"},"author":{"@id":"https:\/\/www.tufiesta.com.uy\/blog\/#\/schema\/person\/a932a72776b85223f4bbb2d688d1df03"},"headline":"Conoc\u00e9 la Gu\u00eda Definitiva para organizar la Fiesta de 15 A\u00f1os","datePublished":"2025-02-01T19:03:00+00:00","dateModified":"2025-12-11T20:20:33+00:00","mainEntityOfPage":{"@id":"https:\/\/www.tufiesta.com.uy\/blog\/conoce-la-guia-definitiva-para-organizar-la-fiesta-de-15-anos#webpage"},"wordCount":1719,"commentCount":0,"publisher":{"@id":"https:\/\/www.tufiesta.com.uy\/blog\/#organization"},"image":{"@id":"https:\/\/www.tufiesta.com.uy\/blog\/conoce-la-guia-definitiva-para-organizar-la-fiesta-de-15-anos#primaryimage"},"thumbnailUrl":"https:\/\/www.tufiesta.com.uy\/blog\/wp-content\/uploads\/2023\/08\/portada-conoce-la-guia-definitiva-para-organizar-la-fiesta-de-15-anos.jpg","keywords":["decoraci\u00f3n de eventos","salones de fiestas","tips para quincea\u00f1eras"],"articleSection":["Cumplea\u00f1os de 15"],"inLanguage":"es","potentialAction":[{"@type":"CommentAction","name":"Comment","target":["https:\/\/www.tufiesta.com.uy\/blog\/conoce-la-guia-definitiva-para-organizar-la-fiesta-de-15-anos#respond"]}]},{"@type":"Person","@id":"https:\/\/www.tufiesta.com.uy\/blog\/#\/schema\/person\/a932a72776b85223f4bbb2d688d1df03","name":"Marcela","image":{"@type":"ImageObject","@id":"https:\/\/www.tufiesta.com.uy\/blog\/#personlogo","inLanguage":"es","url":"https:\/\/secure.gravatar.com\/avatar\/a4a043ca6c03a418bde7e6bdb46fc3a9?s=96&d=mm&r=g","contentUrl":"https:\/\/secure.gravatar.com\/avatar\/a4a043ca6c03a418bde7e6bdb46fc3a9?s=96&d=mm&r=g","caption":"Marcela"}}]}},"_links":{"self":[{"href":"https:\/\/www.tufiesta.com.uy\/blog\/wp-json\/wp\/v2\/posts\/5503"}],"collection":[{"href":"https:\/\/www.tufiesta.com.uy\/blog\/wp-json\/wp\/v2\/posts"}],"about":[{"href":"https:\/\/www.tufiesta.com.uy\/blog\/wp-json\/wp\/v2\/types\/post"}],"author":[{"embeddable":true,"href":"https:\/\/www.tufiesta.com.uy\/blog\/wp-json\/wp\/v2\/users\/6"}],"replies":[{"embeddable":true,"href":"https:\/\/www.tufiesta.com.uy\/blog\/wp-json\/wp\/v2\/comments?post=5503"}],"version-history":[{"count":36,"href":"https:\/\/www.tufiesta.com.uy\/blog\/wp-json\/wp\/v2\/posts\/5503\/revisions"}],"predecessor-version":[{"id":8531,"href":"https:\/\/www.tufiesta.com.uy\/blog\/wp-json\/wp\/v2\/posts\/5503\/revisions\/8531"}],"wp:featuredmedia":[{"embeddable":true,"href":"https:\/\/www.tufiesta.com.uy\/blog\/wp-json\/wp\/v2\/media\/5636"}],"wp:attachment":[{"href":"https:\/\/www.tufiesta.com.uy\/blog\/wp-json\/wp\/v2\/media?parent=5503"}],"wp:term":[{"taxonomy":"category","embeddable":true,"href":"https:\/\/www.tufiesta.com.uy\/blog\/wp-json\/wp\/v2\/categories?post=5503"},{"taxonomy":"post_tag","embeddable":true,"href":"https:\/\/www.tufiesta.com.uy\/blog\/wp-json\/wp\/v2\/tags?post=5503"}],"curies":[{"name":"wp","href":"https:\/\/api.w.org\/{rel}","templated":true}]}}